{"id":10593,"date":"2023-05-19T11:43:00","date_gmt":"2023-05-19T11:43:00","guid":{"rendered":"https:\/\/manisescityofceramics.es\/?p=10593"},"modified":"2023-05-19T11:43:00","modified_gmt":"2023-05-19T11:43:00","slug":"the-valencian-parliament-declares-manises-valencian-city-of-ceramics","status":"publish","type":"post","link":"https:\/\/manisescityofceramics.es\/en\/the-valencian-parliament-declares-manises-valencian-city-of-ceramics\/","title":{"rendered":"The Valencian Parliament declares Manises &#8220;Valencian City of Ceramics&#8221;."},"content":{"rendered":"<p>The Plenary of the Valencian Parliament today recognised Manises as the &#8220;Valencian City of Ceramics&#8221;. An institutional declaration &#8211; possible thanks to the support of all the groups in the table of trustees of the Cortes &#8211; which responds to the request of the City Council of Manises to be recognized as such, after approving the Municipal Plenary of October the institutional declaration that was committed to request in the autonomous parliament this recognition.<\/p>\n<p>As the President of the Parliament, Enric Morera, read during the declaration at the Borja Palace, &#8220;Manises is a city recognised worldwide for its ceramics. The ceramic activity has never been interrupted for more than 700 years and the pieces of ceramics from Manises have been and are present in the five continents and in the main art museums of the world&#8221;. For this reason, he said, &#8220;the Valencian Parliament wishes to recognise the cultural identity that the municipality has developed and declare Manises a Valencian City of Ceramics&#8221;.<\/p>\n<p>The act of pronouncement of the Cortes was attended by a large representation of the consistory of Manises headed by the mayor, Jes\u00fas Borr\u00e0s and the spokespersons of APM Comprom\u00eds, Carles L\u00f3pez; PSPV PSOE, \u00c0ngel Mora and the Provincial Deputy and socialist councillor, Pilar Molina; Podemos, Irene Camps and Ciudadanos, Enrique Soler. The Partido Popular and VOX groups have excused their absence.<\/p>\n","protected":false},"excerpt":{"rendered":"<p>The Plenary of the Valencian Parliament today recognised Manises as the &#8220;Valencian City of Ceramics&#8221;. An institutional declaration &#8211; possible thanks to the support of all the groups in the &hellip;<\/p>\n<p class=\"read-more\"> <a class=\"\" href=\"https:\/\/manisescityofceramics.es\/en\/the-valencian-parliament-declares-manises-valencian-city-of-ceramics\/\"> <span class=\"screen-reader-text\">The Valencian Parliament declares Manises &#8220;Valencian City of Ceramics&#8221;.<\/span> Read More &raquo;<\/a><\/p>\n","protected":false},"author":6,"featured_media":10596,"comment_status":"open","ping_status":"open","sticky":false,"template":"","format":"standard","meta":{"_monsterinsights_skip_tracking":false,"_monsterinsights_sitenote_active":false,"_monsterinsights_sitenote_note":"","_monsterinsights_sitenote_category":0},"categories":[37],"tags":[],"yoast_head":"<!-- This site is optimized with the Yoast SEO plugin v16.5 - https:\/\/yoast.com\/wordpress\/plugins\/seo\/ -->\r\n<title>The Valencian Parliament declares Manises &quot;Valencian City of Ceramics&quot;. - Manises<\/title>\r\n<meta name=\"robots\" content=\"index, follow, max-snippet:-1, max-image-preview:large, max-video-preview:-1\" \/>\r\n<link rel=\"canonical\" href=\"https:\/\/manisescityofceramics.es\/en\/the-valencian-parliament-declares-manises-valencian-city-of-ceramics\/\" \/>\r\n<meta property=\"og:locale\" content=\"en_US\" \/>\r\n<meta property=\"og:type\" content=\"article\" \/>\r\n<meta property=\"og:title\" content=\"The Valencian Parliament declares Manises &quot;Valencian City of Ceramics&quot;. - Manises\" \/>\r\n<meta property=\"og:description\" content=\"The Plenary of the Valencian Parliament today recognised Manises as the &#8220;Valencian City of Ceramics&#8221;. An institutional declaration &#8211; possible thanks to the support of all the groups in the &hellip; The Valencian Parliament declares Manises &#8220;Valencian City of Ceramics&#8221;. Read More &raquo;\" \/>\r\n<meta property=\"og:url\" content=\"https:\/\/manisescityofceramics.es\/en\/the-valencian-parliament-declares-manises-valencian-city-of-ceramics\/\" \/>\r\n<meta property=\"og:site_name\" content=\"Manises\" \/>\r\n<meta property=\"article:published_time\" content=\"2023-05-19T11:43:00+00:00\" \/>\r\n<meta property=\"og:image\" content=\"https:\/\/manisescityofceramics.es\/wp-content\/uploads\/2021\/01\/post3.jpg\" \/>\r\n\t<meta property=\"og:image:width\" content=\"1200\" \/>\r\n\t<meta property=\"og:image:height\" content=\"800\" \/>\r\n<meta name=\"twitter:card\" content=\"summary_large_image\" \/>\r\n<meta name=\"twitter:label1\" content=\"Est. reading time\" \/>\n\t<meta name=\"twitter:data1\" content=\"1 minute\" \/>\r\n<script type=\"application\/ld+json\" class=\"yoast-schema-graph\">{\"@context\":\"https:\/\/schema.org\",\"@graph\":[{\"@type\":\"WebSite\",\"@id\":\"https:\/\/manisescityofceramics.es\/#website\",\"url\":\"https:\/\/manisescityofceramics.es\/\",\"name\":\"Manises\",\"description\":\"\",\"potentialAction\":[{\"@type\":\"SearchAction\",\"target\":\"https:\/\/manisescityofceramics.es\/?s={search_term_string}\",\"query-input\":\"required name=search_term_string\"}],\"inLanguage\":\"en-US\"},{\"@type\":\"ImageObject\",\"@id\":\"https:\/\/manisescityofceramics.es\/en\/the-valencian-parliament-declares-manises-valencian-city-of-ceramics\/#primaryimage\",\"inLanguage\":\"en-US\",\"url\":\"https:\/\/manisescityofceramics.es\/wp-content\/uploads\/2021\/01\/post3.jpg\",\"contentUrl\":\"https:\/\/manisescityofceramics.es\/wp-content\/uploads\/2021\/01\/post3.jpg\",\"width\":1200,\"height\":800},{\"@type\":\"WebPage\",\"@id\":\"https:\/\/manisescityofceramics.es\/en\/the-valencian-parliament-declares-manises-valencian-city-of-ceramics\/#webpage\",\"url\":\"https:\/\/manisescityofceramics.es\/en\/the-valencian-parliament-declares-manises-valencian-city-of-ceramics\/\",\"name\":\"The Valencian Parliament declares Manises \\\"Valencian City of Ceramics\\\". - Manises\",\"isPartOf\":{\"@id\":\"https:\/\/manisescityofceramics.es\/#website\"},\"primaryImageOfPage\":{\"@id\":\"https:\/\/manisescityofceramics.es\/en\/the-valencian-parliament-declares-manises-valencian-city-of-ceramics\/#primaryimage\"},\"datePublished\":\"2023-05-19T11:43:00+00:00\",\"dateModified\":\"2023-05-19T11:43:00+00:00\",\"author\":{\"@id\":\"https:\/\/manisescityofceramics.es\/#\/schema\/person\/51b69ecca7eed93d1f12029ff897028a\"},\"breadcrumb\":{\"@id\":\"https:\/\/manisescityofceramics.es\/en\/the-valencian-parliament-declares-manises-valencian-city-of-ceramics\/#breadcrumb\"},\"inLanguage\":\"en-US\",\"potentialAction\":[{\"@type\":\"ReadAction\",\"target\":[\"https:\/\/manisescityofceramics.es\/en\/the-valencian-parliament-declares-manises-valencian-city-of-ceramics\/\"]}]},{\"@type\":\"BreadcrumbList\",\"@id\":\"https:\/\/manisescityofceramics.es\/en\/the-valencian-parliament-declares-manises-valencian-city-of-ceramics\/#breadcrumb\",\"itemListElement\":[{\"@type\":\"ListItem\",\"position\":1,\"name\":\"Inicio\",\"item\":\"https:\/\/manisescityofceramics.es\/en\/\"},{\"@type\":\"ListItem\",\"position\":2,\"name\":\"The Valencian Parliament declares Manises \\u00abValencian City of Ceramics\\u00bb.\"}]},{\"@type\":\"Person\",\"@id\":\"https:\/\/manisescityofceramics.es\/#\/schema\/person\/51b69ecca7eed93d1f12029ff897028a\",\"name\":\"David Prieto Checa\",\"image\":{\"@type\":\"ImageObject\",\"@id\":\"https:\/\/manisescityofceramics.es\/#personlogo\",\"inLanguage\":\"en-US\",\"url\":\"https:\/\/secure.gravatar.com\/avatar\/f11af934216760ee531178a240a47bc0?s=96&d=mm&r=g\",\"contentUrl\":\"https:\/\/secure.gravatar.com\/avatar\/f11af934216760ee531178a240a47bc0?s=96&d=mm&r=g\",\"caption\":\"David Prieto Checa\"}}]}<\/script>\r\n<!-- \/ Yoast SEO plugin. -->","_links":{"self":[{"href":"https:\/\/manisescityofceramics.es\/en\/wp-json\/wp\/v2\/posts\/10593"}],"collection":[{"href":"https:\/\/manisescityofceramics.es\/en\/wp-json\/wp\/v2\/posts"}],"about":[{"href":"https:\/\/manisescityofceramics.es\/en\/wp-json\/wp\/v2\/types\/post"}],"author":[{"embeddable":true,"href":"https:\/\/manisescityofceramics.es\/en\/wp-json\/wp\/v2\/users\/6"}],"replies":[{"embeddable":true,"href":"https:\/\/manisescityofceramics.es\/en\/wp-json\/wp\/v2\/comments?post=10593"}],"version-history":[{"count":1,"href":"https:\/\/manisescityofceramics.es\/en\/wp-json\/wp\/v2\/posts\/10593\/revisions"}],"predecessor-version":[{"id":10597,"href":"https:\/\/manisescityofceramics.es\/en\/wp-json\/wp\/v2\/posts\/10593\/revisions\/10597"}],"wp:featuredmedia":[{"embeddable":true,"href":"https:\/\/manisescityofceramics.es\/en\/wp-json\/wp\/v2\/media\/10596"}],"wp:attachment":[{"href":"https:\/\/manisescityofceramics.es\/en\/wp-json\/wp\/v2\/media?parent=10593"}],"wp:term":[{"taxonomy":"category","embeddable":true,"href":"https:\/\/manisescityofceramics.es\/en\/wp-json\/wp\/v2\/categories?post=10593"},{"taxonomy":"post_tag","embeddable":true,"href":"https:\/\/manisescityofceramics.es\/en\/wp-json\/wp\/v2\/tags?post=10593"}],"curies":[{"name":"wp","href":"https:\/\/api.w.org\/{rel}","templated":true}]}}