{"id":10555,"date":"2023-05-18T15:52:10","date_gmt":"2023-05-18T15:52:10","guid":{"rendered":"https:\/\/manisescityofceramics.es\/?p=10555"},"modified":"2023-05-18T15:52:10","modified_gmt":"2023-05-18T15:52:10","slug":"the-2021-fira-de-les-comarques","status":"publish","type":"post","link":"https:\/\/manisescityofceramics.es\/en\/the-2021-fira-de-les-comarques\/","title":{"rendered":"The 2021 Fira de les Comarques"},"content":{"rendered":"<p>A new edition of La Fira de les Comarques will take place on 24, 25 and 26 September 2021. This year it will be held in the Town Hall Square in Valencia, organised by Val\u00e8ncia Turisme &#8211; Diputaci\u00f3 de Val\u00e8ncia.<\/p>\n<p>Visitors to the fair will be able to find:<\/p>\n<p>Tourist offer of the Valencian counties: each municipality and association will have a stand.<br \/>\nPromotion and direct sale of tourism products: companies from the counties will offer visitors their active tourism, gastronomic and cultural products.<br \/>\nAnimation, leisure and entertainment activities: where visitors will be able to enjoy live music concerts, activities for children and gastronomic demonstrations.<\/p>\n<p>Manises will actively participate in this space with demonstrations of local crafts and gastronomy, as well as musical performances.<\/p>\n<p>Manises will also present its candidacy for UNESCO Creative City in the category of Crafts and Popular Arts.<\/p>\n","protected":false},"excerpt":{"rendered":"<p>A new edition of La Fira de les Comarques will take place on 24, 25 and 26 September 2021. This year it will be held in the Town Hall Square &hellip;<\/p>\n<p class=\"read-more\"> <a class=\"\" href=\"https:\/\/manisescityofceramics.es\/en\/the-2021-fira-de-les-comarques\/\"> <span class=\"screen-reader-text\">The 2021 Fira de les Comarques<\/span> Read More &raquo;<\/a><\/p>\n","protected":false},"author":6,"featured_media":9247,"comment_status":"open","ping_status":"open","sticky":false,"template":"","format":"standard","meta":{"_monsterinsights_skip_tracking":false,"_monsterinsights_sitenote_active":false,"_monsterinsights_sitenote_note":"","_monsterinsights_sitenote_category":0},"categories":[37],"tags":[],"yoast_head":"<!-- This site is optimized with the Yoast SEO plugin v16.5 - https:\/\/yoast.com\/wordpress\/plugins\/seo\/ -->\r\n<title>The 2021 Fira de les Comarques - Manises<\/title>\r\n<meta name=\"robots\" content=\"index, follow, max-snippet:-1, max-image-preview:large, max-video-preview:-1\" \/>\r\n<link rel=\"canonical\" href=\"https:\/\/manisescityofceramics.es\/en\/the-2021-fira-de-les-comarques\/\" \/>\r\n<meta property=\"og:locale\" content=\"en_US\" \/>\r\n<meta property=\"og:type\" content=\"article\" \/>\r\n<meta property=\"og:title\" content=\"The 2021 Fira de les Comarques - Manises\" \/>\r\n<meta property=\"og:description\" content=\"A new edition of La Fira de les Comarques will take place on 24, 25 and 26 September 2021. This year it will be held in the Town Hall Square &hellip; The 2021 Fira de les Comarques Read More &raquo;\" \/>\r\n<meta property=\"og:url\" content=\"https:\/\/manisescityofceramics.es\/en\/the-2021-fira-de-les-comarques\/\" \/>\r\n<meta property=\"og:site_name\" content=\"Manises\" \/>\r\n<meta property=\"article:published_time\" content=\"2023-05-18T15:52:10+00:00\" \/>\r\n<meta property=\"og:image\" content=\"https:\/\/manisescityofceramics.es\/wp-content\/uploads\/2021\/08\/fira-comarques.jpg\" \/>\r\n\t<meta property=\"og:image:width\" content=\"925\" \/>\r\n\t<meta property=\"og:image:height\" content=\"421\" \/>\r\n<meta name=\"twitter:card\" content=\"summary_large_image\" \/>\r\n<meta name=\"twitter:label1\" content=\"Est. reading time\" \/>\n\t<meta name=\"twitter:data1\" content=\"1 minute\" \/>\r\n<script type=\"application\/ld+json\" class=\"yoast-schema-graph\">{\"@context\":\"https:\/\/schema.org\",\"@graph\":[{\"@type\":\"WebSite\",\"@id\":\"https:\/\/manisescityofceramics.es\/#website\",\"url\":\"https:\/\/manisescityofceramics.es\/\",\"name\":\"Manises\",\"description\":\"\",\"potentialAction\":[{\"@type\":\"SearchAction\",\"target\":\"https:\/\/manisescityofceramics.es\/?s={search_term_string}\",\"query-input\":\"required name=search_term_string\"}],\"inLanguage\":\"en-US\"},{\"@type\":\"ImageObject\",\"@id\":\"https:\/\/manisescityofceramics.es\/en\/the-2021-fira-de-les-comarques\/#primaryimage\",\"inLanguage\":\"en-US\",\"url\":\"https:\/\/manisescityofceramics.es\/wp-content\/uploads\/2021\/08\/fira-comarques.jpg\",\"contentUrl\":\"https:\/\/manisescityofceramics.es\/wp-content\/uploads\/2021\/08\/fira-comarques.jpg\",\"width\":925,\"height\":421},{\"@type\":\"WebPage\",\"@id\":\"https:\/\/manisescityofceramics.es\/en\/the-2021-fira-de-les-comarques\/#webpage\",\"url\":\"https:\/\/manisescityofceramics.es\/en\/the-2021-fira-de-les-comarques\/\",\"name\":\"The 2021 Fira de les Comarques - Manises\",\"isPartOf\":{\"@id\":\"https:\/\/manisescityofceramics.es\/#website\"},\"primaryImageOfPage\":{\"@id\":\"https:\/\/manisescityofceramics.es\/en\/the-2021-fira-de-les-comarques\/#primaryimage\"},\"datePublished\":\"2023-05-18T15:52:10+00:00\",\"dateModified\":\"2023-05-18T15:52:10+00:00\",\"author\":{\"@id\":\"https:\/\/manisescityofceramics.es\/#\/schema\/person\/51b69ecca7eed93d1f12029ff897028a\"},\"breadcrumb\":{\"@id\":\"https:\/\/manisescityofceramics.es\/en\/the-2021-fira-de-les-comarques\/#breadcrumb\"},\"inLanguage\":\"en-US\",\"potentialAction\":[{\"@type\":\"ReadAction\",\"target\":[\"https:\/\/manisescityofceramics.es\/en\/the-2021-fira-de-les-comarques\/\"]}]},{\"@type\":\"BreadcrumbList\",\"@id\":\"https:\/\/manisescityofceramics.es\/en\/the-2021-fira-de-les-comarques\/#breadcrumb\",\"itemListElement\":[{\"@type\":\"ListItem\",\"position\":1,\"name\":\"Inicio\",\"item\":\"https:\/\/manisescityofceramics.es\/en\/\"},{\"@type\":\"ListItem\",\"position\":2,\"name\":\"The 2021 Fira de les Comarques\"}]},{\"@type\":\"Person\",\"@id\":\"https:\/\/manisescityofceramics.es\/#\/schema\/person\/51b69ecca7eed93d1f12029ff897028a\",\"name\":\"David Prieto Checa\",\"image\":{\"@type\":\"ImageObject\",\"@id\":\"https:\/\/manisescityofceramics.es\/#personlogo\",\"inLanguage\":\"en-US\",\"url\":\"https:\/\/secure.gravatar.com\/avatar\/f11af934216760ee531178a240a47bc0?s=96&d=mm&r=g\",\"contentUrl\":\"https:\/\/secure.gravatar.com\/avatar\/f11af934216760ee531178a240a47bc0?s=96&d=mm&r=g\",\"caption\":\"David Prieto Checa\"}}]}<\/script>\r\n<!-- \/ Yoast SEO plugin. -->","_links":{"self":[{"href":"https:\/\/manisescityofceramics.es\/en\/wp-json\/wp\/v2\/posts\/10555"}],"collection":[{"href":"https:\/\/manisescityofceramics.es\/en\/wp-json\/wp\/v2\/posts"}],"about":[{"href":"https:\/\/manisescityofceramics.es\/en\/wp-json\/wp\/v2\/types\/post"}],"author":[{"embeddable":true,"href":"https:\/\/manisescityofceramics.es\/en\/wp-json\/wp\/v2\/users\/6"}],"replies":[{"embeddable":true,"href":"https:\/\/manisescityofceramics.es\/en\/wp-json\/wp\/v2\/comments?post=10555"}],"version-history":[{"count":1,"href":"https:\/\/manisescityofceramics.es\/en\/wp-json\/wp\/v2\/posts\/10555\/revisions"}],"predecessor-version":[{"id":10557,"href":"https:\/\/manisescityofceramics.es\/en\/wp-json\/wp\/v2\/posts\/10555\/revisions\/10557"}],"wp:featuredmedia":[{"embeddable":true,"href":"https:\/\/manisescityofceramics.es\/en\/wp-json\/wp\/v2\/media\/9247"}],"wp:attachment":[{"href":"https:\/\/manisescityofceramics.es\/en\/wp-json\/wp\/v2\/media?parent=10555"}],"wp:term":[{"taxonomy":"category","embeddable":true,"href":"https:\/\/manisescityofceramics.es\/en\/wp-json\/wp\/v2\/categories?post=10555"},{"taxonomy":"post_tag","embeddable":true,"href":"https:\/\/manisescityofceramics.es\/en\/wp-json\/wp\/v2\/tags?post=10555"}],"curies":[{"name":"wp","href":"https:\/\/api.w.org\/{rel}","templated":true}]}}