{"id":10495,"date":"2023-05-18T08:59:15","date_gmt":"2023-05-18T08:59:15","guid":{"rendered":"https:\/\/manisescityofceramics.es\/?p=10495"},"modified":"2023-05-18T08:59:15","modified_gmt":"2023-05-18T08:59:15","slug":"ceramic-nativity-scene-christmas-2021","status":"publish","type":"post","link":"https:\/\/manisescityofceramics.es\/en\/ceramic-nativity-scene-christmas-2021\/","title":{"rendered":"Ceramic Nativity Scene Christmas 2021"},"content":{"rendered":"<p><span style=\"font-weight: 400;\">The Diputaci\u00f3 de Val\u00e8ncia will exhibit this Christmas season in the courtyard of the Marqu\u00e9s de Scala Palace, the nativity scene of the ceramic artisan Antonio Cordero, donated last year to the Manises Town Council.<\/span><\/p>\n<p><span style=\"font-weight: 400;\">The artist from Ja\u00e9n, who has developed his artistic career in the municipality of Manises, began the creation of this nativity scene in the middle of last year, which is made up of unique pieces conceived by hand, from the modelling to the decoration.<\/span><\/p>\n<p><span style=\"font-weight: 400;\">Antonio Cordero Herrera, born in 1953 in Pegalajar (Ja\u00e9n), moved with his family to Valencia, where he began a new life marked by his artistic skills. In 1990, together with his wife, he set up a family business dedicated to ceramic craftsmanship, and subsequently worked until his retirement as a ceramic painter, until those close to him convinced him to bring his own collections to life and paint more elaborate pieces modelled in clay.<\/span><\/p>\n","protected":false},"excerpt":{"rendered":"<p>The Diputaci\u00f3 de Val\u00e8ncia will exhibit this Christmas season in the courtyard of the Marqu\u00e9s de Scala Palace, the nativity scene of the ceramic artisan Antonio Cordero, donated last year &hellip;<\/p>\n<p class=\"read-more\"> <a class=\"\" href=\"https:\/\/manisescityofceramics.es\/en\/ceramic-nativity-scene-christmas-2021\/\"> <span class=\"screen-reader-text\">Ceramic Nativity Scene Christmas 2021<\/span> Read More &raquo;<\/a><\/p>\n","protected":false},"author":6,"featured_media":9593,"comment_status":"open","ping_status":"open","sticky":false,"template":"","format":"standard","meta":{"_monsterinsights_skip_tracking":false,"_monsterinsights_sitenote_active":false,"_monsterinsights_sitenote_note":"","_monsterinsights_sitenote_category":0},"categories":[37],"tags":[],"yoast_head":"<!-- This site is optimized with the Yoast SEO plugin v16.5 - https:\/\/yoast.com\/wordpress\/plugins\/seo\/ -->\r\n<title>Ceramic Nativity Scene Christmas 2021 - Manises<\/title>\r\n<meta name=\"robots\" content=\"index, follow, max-snippet:-1, max-image-preview:large, max-video-preview:-1\" \/>\r\n<link rel=\"canonical\" href=\"https:\/\/manisescityofceramics.es\/en\/ceramic-nativity-scene-christmas-2021\/\" \/>\r\n<meta property=\"og:locale\" content=\"en_US\" \/>\r\n<meta property=\"og:type\" content=\"article\" \/>\r\n<meta property=\"og:title\" content=\"Ceramic Nativity Scene Christmas 2021 - Manises\" \/>\r\n<meta property=\"og:description\" content=\"The Diputaci\u00f3 de Val\u00e8ncia will exhibit this Christmas season in the courtyard of the Marqu\u00e9s de Scala Palace, the nativity scene of the ceramic artisan Antonio Cordero, donated last year &hellip; Ceramic Nativity Scene Christmas 2021 Read More &raquo;\" \/>\r\n<meta property=\"og:url\" content=\"https:\/\/manisescityofceramics.es\/en\/ceramic-nativity-scene-christmas-2021\/\" \/>\r\n<meta property=\"og:site_name\" content=\"Manises\" \/>\r\n<meta property=\"article:published_time\" content=\"2023-05-18T08:59:15+00:00\" \/>\r\n<meta property=\"og:image\" content=\"https:\/\/manisescityofceramics.es\/wp-content\/uploads\/2022\/01\/Belen-2.jpeg\" \/>\r\n\t<meta property=\"og:image:width\" content=\"1600\" \/>\r\n\t<meta property=\"og:image:height\" content=\"1200\" \/>\r\n<meta name=\"twitter:card\" content=\"summary_large_image\" \/>\r\n<meta name=\"twitter:label1\" content=\"Est. reading time\" \/>\n\t<meta name=\"twitter:data1\" content=\"1 minute\" \/>\r\n<script type=\"application\/ld+json\" class=\"yoast-schema-graph\">{\"@context\":\"https:\/\/schema.org\",\"@graph\":[{\"@type\":\"WebSite\",\"@id\":\"https:\/\/manisescityofceramics.es\/#website\",\"url\":\"https:\/\/manisescityofceramics.es\/\",\"name\":\"Manises\",\"description\":\"\",\"potentialAction\":[{\"@type\":\"SearchAction\",\"target\":\"https:\/\/manisescityofceramics.es\/?s={search_term_string}\",\"query-input\":\"required name=search_term_string\"}],\"inLanguage\":\"en-US\"},{\"@type\":\"ImageObject\",\"@id\":\"https:\/\/manisescityofceramics.es\/en\/ceramic-nativity-scene-christmas-2021\/#primaryimage\",\"inLanguage\":\"en-US\",\"url\":\"https:\/\/manisescityofceramics.es\/wp-content\/uploads\/2022\/01\/Belen-2.jpeg\",\"contentUrl\":\"https:\/\/manisescityofceramics.es\/wp-content\/uploads\/2022\/01\/Belen-2.jpeg\",\"width\":1600,\"height\":1200},{\"@type\":\"WebPage\",\"@id\":\"https:\/\/manisescityofceramics.es\/en\/ceramic-nativity-scene-christmas-2021\/#webpage\",\"url\":\"https:\/\/manisescityofceramics.es\/en\/ceramic-nativity-scene-christmas-2021\/\",\"name\":\"Ceramic Nativity Scene Christmas 2021 - Manises\",\"isPartOf\":{\"@id\":\"https:\/\/manisescityofceramics.es\/#website\"},\"primaryImageOfPage\":{\"@id\":\"https:\/\/manisescityofceramics.es\/en\/ceramic-nativity-scene-christmas-2021\/#primaryimage\"},\"datePublished\":\"2023-05-18T08:59:15+00:00\",\"dateModified\":\"2023-05-18T08:59:15+00:00\",\"author\":{\"@id\":\"https:\/\/manisescityofceramics.es\/#\/schema\/person\/51b69ecca7eed93d1f12029ff897028a\"},\"breadcrumb\":{\"@id\":\"https:\/\/manisescityofceramics.es\/en\/ceramic-nativity-scene-christmas-2021\/#breadcrumb\"},\"inLanguage\":\"en-US\",\"potentialAction\":[{\"@type\":\"ReadAction\",\"target\":[\"https:\/\/manisescityofceramics.es\/en\/ceramic-nativity-scene-christmas-2021\/\"]}]},{\"@type\":\"BreadcrumbList\",\"@id\":\"https:\/\/manisescityofceramics.es\/en\/ceramic-nativity-scene-christmas-2021\/#breadcrumb\",\"itemListElement\":[{\"@type\":\"ListItem\",\"position\":1,\"name\":\"Inicio\",\"item\":\"https:\/\/manisescityofceramics.es\/en\/\"},{\"@type\":\"ListItem\",\"position\":2,\"name\":\"Ceramic Nativity Scene Christmas 2021\"}]},{\"@type\":\"Person\",\"@id\":\"https:\/\/manisescityofceramics.es\/#\/schema\/person\/51b69ecca7eed93d1f12029ff897028a\",\"name\":\"David Prieto Checa\",\"image\":{\"@type\":\"ImageObject\",\"@id\":\"https:\/\/manisescityofceramics.es\/#personlogo\",\"inLanguage\":\"en-US\",\"url\":\"https:\/\/secure.gravatar.com\/avatar\/f11af934216760ee531178a240a47bc0?s=96&d=mm&r=g\",\"contentUrl\":\"https:\/\/secure.gravatar.com\/avatar\/f11af934216760ee531178a240a47bc0?s=96&d=mm&r=g\",\"caption\":\"David Prieto Checa\"}}]}<\/script>\r\n<!-- \/ Yoast SEO plugin. -->","_links":{"self":[{"href":"https:\/\/manisescityofceramics.es\/en\/wp-json\/wp\/v2\/posts\/10495"}],"collection":[{"href":"https:\/\/manisescityofceramics.es\/en\/wp-json\/wp\/v2\/posts"}],"about":[{"href":"https:\/\/manisescityofceramics.es\/en\/wp-json\/wp\/v2\/types\/post"}],"author":[{"embeddable":true,"href":"https:\/\/manisescityofceramics.es\/en\/wp-json\/wp\/v2\/users\/6"}],"replies":[{"embeddable":true,"href":"https:\/\/manisescityofceramics.es\/en\/wp-json\/wp\/v2\/comments?post=10495"}],"version-history":[{"count":1,"href":"https:\/\/manisescityofceramics.es\/en\/wp-json\/wp\/v2\/posts\/10495\/revisions"}],"predecessor-version":[{"id":10496,"href":"https:\/\/manisescityofceramics.es\/en\/wp-json\/wp\/v2\/posts\/10495\/revisions\/10496"}],"wp:featuredmedia":[{"embeddable":true,"href":"https:\/\/manisescityofceramics.es\/en\/wp-json\/wp\/v2\/media\/9593"}],"wp:attachment":[{"href":"https:\/\/manisescityofceramics.es\/en\/wp-json\/wp\/v2\/media?parent=10495"}],"wp:term":[{"taxonomy":"category","embeddable":true,"href":"https:\/\/manisescityofceramics.es\/en\/wp-json\/wp\/v2\/categories?post=10495"},{"taxonomy":"post_tag","embeddable":true,"href":"https:\/\/manisescityofceramics.es\/en\/wp-json\/wp\/v2\/tags?post=10495"}],"curies":[{"name":"wp","href":"https:\/\/api.w.org\/{rel}","templated":true}]}}