{"id":10483,"date":"2023-05-17T15:07:47","date_gmt":"2023-05-17T15:07:47","guid":{"rendered":"https:\/\/manisescityofceramics.es\/?p=10483"},"modified":"2023-05-17T15:07:47","modified_gmt":"2023-05-17T15:07:47","slug":"10-reasons-why-manises-has-been-named-a-unesco-creative-city","status":"publish","type":"post","link":"https:\/\/manisescityofceramics.es\/en\/10-reasons-why-manises-has-been-named-a-unesco-creative-city\/","title":{"rendered":"10 reasons why Manises has been named a UNESCO Creative City"},"content":{"rendered":"<p><span style=\"font-weight: 400;\">Manises has been one of the 49 localities declared UNESCO Creative Cities by the end of 2021. A recognition for the commitment to put culture and creativity at the heart of development and to share knowledge and good practices. The city of Val\u00e8ncia&#8217;s South Hour thus joins a network that currently has 295 cities in 90 countries.<\/span><\/p>\n<p><span style=\"font-weight: 400;\">To achieve this milestone, the candidacy was developed by the Department of Tourism and Promotion of Ceramics of the Manises City Council together with the Polytechnic University of Valencia. Specifically, the work was led by Professor M\u00aaJos\u00e9 Vi\u00f1als, who was already in charge of the successful candidate of the Valencian town of Ll\u00edria. This work was based on a series of main reasons and axes to achieve recognition.<\/span><\/p>\n<p><b>1 &#8211; Ceramics are an essential part of Manises&#8217; identity.<\/b><\/p>\n<p><span style=\"font-weight: 400;\">In 1238, King James I handed over the Islamic farmstead of Manises to Artal de Luna. From that moment on, local pottery craftsmanship began to develop in small pre-existing Muslim potteries. This was the first step towards becoming, in later centuries, an authentic production centre known and recognised throughout the world.<\/span><\/p>\n<p><b>2 &#8211; Its continuity as a world reference<\/b><\/p>\n<p><span style=\"font-weight: 400;\">Nowadays, Manises continues to be a reference point for its ceramics sector made up of craftsmen and artists, production companies and raw material companies. Names such as: Arturo Mora, Cer\u00e1micas Palanca, the Valencian Association of Ceramics AVEC-prize, Jose Gimeno Mart\u00ednez, Aliarte Cer\u00e1mica, Drac Ceramic or Domanises, are just some of the extensive network of the ceramic sector in Manises. It is also one of the few towns, if not the only one, where all the elements for the creation of ceramics are available: from the creation of the pastes, colours and kilns to the configuration and creation of the piece in the different workshops.<\/span><\/p>\n<p><b>3 &#8211; Its traditional craft know-how<\/b><\/p>\n<p><span style=\"font-weight: 400;\">The pottery tradition has been uninterruptedly present for more than 700 years. The knowledge has been passed down from generation to generation. Thanks to this, our inhabitants have a deep-rooted wealth of heritage that forms part of their local idiosyncrasy.<\/span><\/p>\n<p><b>4 &#8211; The desire to conserve, care for and disseminate<\/b><\/p>\n<p><span style=\"font-weight: 400;\">With the creation and promotion of the &#8216;Museu de la Cer\u00e0mica de Manises&#8217; it has demonstrated its eagerness to conserve, care for and disseminate its ceramics and its history. Furthermore, through the international ceramics competition, the Manises International Ceramics Biennial, it offers the opportunity to promote and encourage contemporary creation.<\/span><\/p>\n<p><b>5 &#8211; Learning as the essence of its unique identity<\/b><\/p>\n<p><span style=\"font-weight: 400;\">The Escola d&#8217;Art i Superior de Cer\u00e0mica of our town has been one of the first schools in Spain of regulated education and the first of Higher Education in Ceramics. From its origins to the present day, it has been a world reference that has trained hundreds of people of local, national and international origin. Professionals such as: Gloria Lacruz, Takashi, Dolores Trujillo, Jessica Tuxuera, Pilar Valderrama and Ana Illueca have trained here.<\/span><\/p>\n<p><b>6 &#8211; Defence of the activity and promotion of associationism<\/b><\/p>\n<p><span style=\"font-weight: 400;\">Ceramic production in Manises would not have been possible for so many centuries without the &#8216;Gremi de mestres d&#8217;obra de terra&#8217; which, as early as the mid-15th century, defended the local activity and its economic interests.<\/span><\/p>\n<p><span style=\"font-weight: 400;\">This guild, which has now become the Valencian Ceramics Association AVEC-GREMI, works together with ANPEC &#8211; National Association of Ceramics Professionals and Encisar-te, all of which are based in Manises, to defend, promote and promote ceramics in different social spheres.<\/span><\/p>\n<p><b>7 &#8211; Its uses and customs<\/b><\/p>\n<p><span style=\"font-weight: 400;\">The link between ceramics and the inhabitants of Manises is evident even in the most everyday gestures, such as the use of ceramic containers to serve food.<\/span><\/p>\n<p><b>8 &#8211; Its essence linked to festivals<\/b><\/p>\n<p><span style=\"font-weight: 400;\">One of the moments where the link with ceramics is most evident is the celebration of the town&#8217;s festivities in honour of &#8216;Santes Escudelleres: Santa Justa i Rufina&#8217;, patron saints of the town&#8217;s potters.<\/span><\/p>\n<p><span style=\"font-weight: 400;\">Among the events, the celebration of the &#8220;Festa i Cavalcada de la Cer\u00e0mica&#8221; (Ceramics Festival and Cavalcade), declared of Autonomous Tourist Interest, stands out. As well as the Ceramics Cavalcade, a unique spectacle in the world that has been held since 1900 and in which the &#8220;clavarios&#8221; from the floats present visitors with pieces of local craftsmanship.<\/span><\/p>\n<p><b>9 &#8211; For its continuous search for excellence<\/b><\/p>\n<p><span style=\"font-weight: 400;\">The good work of the artisans of Manises has made it possible to find pieces or samples of ceramics in the most prestigious museums in the world such as the British Museum (London), Victoria &amp; Albert (London), Louvre (Paris), Museo del Palazzo di Venezia (Rome), the Metropolitan Museum of Art (New York), The Hispanic Society (New York), Jean Paul Getty Museum (Los Angeles, California), Smithsonian (Washington D.C.) or Art Institute Chicago (Chicago), among others.<\/span><\/p>\n<p><b>10 &#8211; For its links with other cities linked to ceramics<\/b><\/p>\n<p><span style=\"font-weight: 400;\">Manises promotes the development of ceramics through its links with other towns such as Montelupo (Florence, Italy) with which it is twinned. As well as actively participating since its foundation in the AeCC (Spanish Association of Ceramic Cities) and in the AeuCC (European Association of Ceramic Cities). Currently, Xavier Morant, the Councillor for the Promotion of Ceramics in Manises chairs the AeuCC, which brings together all the European associations of ceramic cities.<\/span><\/p>\n<p><span style=\"font-weight: 400;\">Another of the actions undertaken by the council to promote the development of heritage and ceramics has been the recent incorporation of Manises into the European Ceramics Route. This Cultural Itinerary seeks to revalue the importance that ceramics has had in the construction of the European identity, but above all, in the economic and social development of some regions.<\/span><\/p>\n<p><span style=\"font-weight: 400;\">In addition to Manises, Seville and Castell\u00f3n de la Plana are other Spanish cities that form part of this European Route.<\/span><\/p>\n","protected":false},"excerpt":{"rendered":"<p>Manises has been one of the 49 localities declared UNESCO Creative Cities by the end of 2021. A recognition for the commitment to put culture and creativity at the heart &hellip;<\/p>\n<p class=\"read-more\"> <a class=\"\" href=\"https:\/\/manisescityofceramics.es\/en\/10-reasons-why-manises-has-been-named-a-unesco-creative-city\/\"> <span class=\"screen-reader-text\">10 reasons why Manises has been named a UNESCO Creative City<\/span> Read More &raquo;<\/a><\/p>\n","protected":false},"author":6,"featured_media":9732,"comment_status":"open","ping_status":"open","sticky":false,"template":"","format":"standard","meta":{"_monsterinsights_skip_tracking":false,"_monsterinsights_sitenote_active":false,"_monsterinsights_sitenote_note":"","_monsterinsights_sitenote_category":0},"categories":[37,10],"tags":[],"yoast_head":"<!-- This site is optimized with the Yoast SEO plugin v16.5 - https:\/\/yoast.com\/wordpress\/plugins\/seo\/ -->\r\n<title>10 reasons why Manises has been named a UNESCO Creative City - Manises<\/title>\r\n<meta name=\"description\" content=\"Manises became a member of the &#039;Creative Cities Network&#039; in November 2021 in the field of Crafts and Popular Arts.\" \/>\r\n<meta name=\"robots\" content=\"index, follow, max-snippet:-1, max-image-preview:large, max-video-preview:-1\" \/>\r\n<link rel=\"canonical\" href=\"https:\/\/manisescityofceramics.es\/en\/10-reasons-why-manises-has-been-named-a-unesco-creative-city\/\" \/>\r\n<meta property=\"og:locale\" content=\"en_US\" \/>\r\n<meta property=\"og:type\" content=\"article\" \/>\r\n<meta property=\"og:title\" content=\"10 reasons why Manises has been named a UNESCO Creative City - Manises\" \/>\r\n<meta property=\"og:description\" content=\"Manises became a member of the &#039;Creative Cities Network&#039; in November 2021 in the field of Crafts and Popular Arts.\" \/>\r\n<meta property=\"og:url\" content=\"https:\/\/manisescityofceramics.es\/en\/10-reasons-why-manises-has-been-named-a-unesco-creative-city\/\" \/>\r\n<meta property=\"og:site_name\" content=\"Manises\" \/>\r\n<meta property=\"article:published_time\" content=\"2023-05-17T15:07:47+00:00\" \/>\r\n<meta property=\"og:image\" content=\"https:\/\/manisescityofceramics.es\/wp-content\/uploads\/2022\/06\/TURISMO1-scaled.jpeg\" \/>\r\n\t<meta property=\"og:image:width\" content=\"2560\" \/>\r\n\t<meta property=\"og:image:height\" content=\"1349\" \/>\r\n<meta name=\"twitter:card\" content=\"summary_large_image\" \/>\r\n<meta name=\"twitter:label1\" content=\"Est. reading time\" \/>\n\t<meta name=\"twitter:data1\" content=\"5 minutes\" \/>\r\n<script type=\"application\/ld+json\" class=\"yoast-schema-graph\">{\"@context\":\"https:\/\/schema.org\",\"@graph\":[{\"@type\":\"WebSite\",\"@id\":\"https:\/\/manisescityofceramics.es\/#website\",\"url\":\"https:\/\/manisescityofceramics.es\/\",\"name\":\"Manises\",\"description\":\"\",\"potentialAction\":[{\"@type\":\"SearchAction\",\"target\":\"https:\/\/manisescityofceramics.es\/?s={search_term_string}\",\"query-input\":\"required name=search_term_string\"}],\"inLanguage\":\"en-US\"},{\"@type\":\"ImageObject\",\"@id\":\"https:\/\/manisescityofceramics.es\/en\/10-reasons-why-manises-has-been-named-a-unesco-creative-city\/#primaryimage\",\"inLanguage\":\"en-US\",\"url\":\"https:\/\/manisescityofceramics.es\/wp-content\/uploads\/2022\/06\/TURISMO1-scaled.jpeg\",\"contentUrl\":\"https:\/\/manisescityofceramics.es\/wp-content\/uploads\/2022\/06\/TURISMO1-scaled.jpeg\",\"width\":2560,\"height\":1349},{\"@type\":\"WebPage\",\"@id\":\"https:\/\/manisescityofceramics.es\/en\/10-reasons-why-manises-has-been-named-a-unesco-creative-city\/#webpage\",\"url\":\"https:\/\/manisescityofceramics.es\/en\/10-reasons-why-manises-has-been-named-a-unesco-creative-city\/\",\"name\":\"10 reasons why Manises has been named a UNESCO Creative City - Manises\",\"isPartOf\":{\"@id\":\"https:\/\/manisescityofceramics.es\/#website\"},\"primaryImageOfPage\":{\"@id\":\"https:\/\/manisescityofceramics.es\/en\/10-reasons-why-manises-has-been-named-a-unesco-creative-city\/#primaryimage\"},\"datePublished\":\"2023-05-17T15:07:47+00:00\",\"dateModified\":\"2023-05-17T15:07:47+00:00\",\"author\":{\"@id\":\"https:\/\/manisescityofceramics.es\/#\/schema\/person\/51b69ecca7eed93d1f12029ff897028a\"},\"description\":\"Manises became a member of the 'Creative Cities Network' in November 2021 in the field of Crafts and Popular Arts.\",\"breadcrumb\":{\"@id\":\"https:\/\/manisescityofceramics.es\/en\/10-reasons-why-manises-has-been-named-a-unesco-creative-city\/#breadcrumb\"},\"inLanguage\":\"en-US\",\"potentialAction\":[{\"@type\":\"ReadAction\",\"target\":[\"https:\/\/manisescityofceramics.es\/en\/10-reasons-why-manises-has-been-named-a-unesco-creative-city\/\"]}]},{\"@type\":\"BreadcrumbList\",\"@id\":\"https:\/\/manisescityofceramics.es\/en\/10-reasons-why-manises-has-been-named-a-unesco-creative-city\/#breadcrumb\",\"itemListElement\":[{\"@type\":\"ListItem\",\"position\":1,\"name\":\"Inicio\",\"item\":\"https:\/\/manisescityofceramics.es\/en\/\"},{\"@type\":\"ListItem\",\"position\":2,\"name\":\"10 reasons why Manises has been named a UNESCO Creative City\"}]},{\"@type\":\"Person\",\"@id\":\"https:\/\/manisescityofceramics.es\/#\/schema\/person\/51b69ecca7eed93d1f12029ff897028a\",\"name\":\"David Prieto Checa\",\"image\":{\"@type\":\"ImageObject\",\"@id\":\"https:\/\/manisescityofceramics.es\/#personlogo\",\"inLanguage\":\"en-US\",\"url\":\"https:\/\/secure.gravatar.com\/avatar\/f11af934216760ee531178a240a47bc0?s=96&d=mm&r=g\",\"contentUrl\":\"https:\/\/secure.gravatar.com\/avatar\/f11af934216760ee531178a240a47bc0?s=96&d=mm&r=g\",\"caption\":\"David Prieto Checa\"}}]}<\/script>\r\n<!-- \/ Yoast SEO plugin. -->","_links":{"self":[{"href":"https:\/\/manisescityofceramics.es\/en\/wp-json\/wp\/v2\/posts\/10483"}],"collection":[{"href":"https:\/\/manisescityofceramics.es\/en\/wp-json\/wp\/v2\/posts"}],"about":[{"href":"https:\/\/manisescityofceramics.es\/en\/wp-json\/wp\/v2\/types\/post"}],"author":[{"embeddable":true,"href":"https:\/\/manisescityofceramics.es\/en\/wp-json\/wp\/v2\/users\/6"}],"replies":[{"embeddable":true,"href":"https:\/\/manisescityofceramics.es\/en\/wp-json\/wp\/v2\/comments?post=10483"}],"version-history":[{"count":1,"href":"https:\/\/manisescityofceramics.es\/en\/wp-json\/wp\/v2\/posts\/10483\/revisions"}],"predecessor-version":[{"id":10484,"href":"https:\/\/manisescityofceramics.es\/en\/wp-json\/wp\/v2\/posts\/10483\/revisions\/10484"}],"wp:featuredmedia":[{"embeddable":true,"href":"https:\/\/manisescityofceramics.es\/en\/wp-json\/wp\/v2\/media\/9732"}],"wp:attachment":[{"href":"https:\/\/manisescityofceramics.es\/en\/wp-json\/wp\/v2\/media?parent=10483"}],"wp:term":[{"taxonomy":"category","embeddable":true,"href":"https:\/\/manisescityofceramics.es\/en\/wp-json\/wp\/v2\/categories?post=10483"},{"taxonomy":"post_tag","embeddable":true,"href":"https:\/\/manisescityofceramics.es\/en\/wp-json\/wp\/v2\/tags?post=10483"}],"curies":[{"name":"wp","href":"https:\/\/api.w.org\/{rel}","templated":true}]}}