{"id":10480,"date":"2023-05-17T12:18:48","date_gmt":"2023-05-17T12:18:48","guid":{"rendered":"https:\/\/manisescityofceramics.es\/?p=10480"},"modified":"2023-05-17T14:12:26","modified_gmt":"2023-05-17T14:12:26","slug":"manises-xv-edition-of-the-biennial-of-ceramics","status":"publish","type":"post","link":"https:\/\/manisescityofceramics.es\/en\/manises-xv-edition-of-the-biennial-of-ceramics\/","title":{"rendered":"Manises rewards tradition and the avant-garde at the 15th edition of the Biennial of Ceramics"},"content":{"rendered":"<p><span style=\"font-weight: 400;\">Manises has celebrated the opening ceremony of the 15th edition of the International Ceramics Biennial and has awarded the prizes of this prestigious international competition, which recognises the value of ceramic art and highlights its traditional and avant-garde character.<\/span><\/p>\n<p><span style=\"font-weight: 400;\">In the artistic ceramics modality, the President of the Generalitat Valenciana prize, worth 5,000 euros, went to the work My Garden of Eden, by Rafael Jim\u00e9nez Chac\u00f3n (Seville), and the Diputaci\u00f3 de Val\u00e8ncia prize, worth 3,000 euros, to Folding in Motion, by Simcha Eve-Chen (Rehovot, Israel).<\/span><\/p>\n<p><span style=\"font-weight: 400;\">Also recognised were the works Pesantezza, by Fernanda Cort\u00e9s (Mexico) with the City of V\u00e9nissieux prize for under-35s, endowed with 1,800 euros, and Globe, by Eloisa Gobbo (P\u00e0dova, Italy) with the Fundaci\u00f3n Museo de Montelupo prize, endowed with an artistic residency in this city twinned with Manises.<\/span><\/p>\n<p><span style=\"font-weight: 400;\">Likewise, the City of Manises prize in the modality of ceramic product design, endowed with 3,000 euros, went to the work Fire Works, by Ubaldo Crist\u00f3bal Serrano (Madrid), &#8220;for using the thermal possibilities of ceramics to incorporate fire and heat into interiors, in a design with a high technical and aesthetic level&#8221;.<\/span><\/p>\n<p><span style=\"font-weight: 400;\">These works, as well as the 56 finalists selected from among the 597 submitted to this competition, form part of an exhibition between 10 June and 9 September in the Los Filtros hall, and are included in the catalogue published for the Biennial.<\/span><\/p>\n<p><span style=\"font-weight: 400;\">During these three months, different activities will also take place with ceramics as the common thread, such as conferences and cinema, and the exhibition of the works of the winning artists of the previous edition. Thus, the exhibition Donde vamos, by Carie Oltmann, winner of the 2019 City of Manises Product Design Award, can be visited at the Museo de la Cer\u00e1mica from 6 June to 9 September; and Casa 8, by Uxue L\u00f3pez, winner of the President of the Generalitat Valenciana Award in the previous edition, from 9 June to 9 September in the Vicent Ros room at the Casa de Cultura.<\/span><\/p>\n<p><img loading=\"lazy\" class=\"alignnone size-medium wp-image-9751\" src=\"https:\/\/manisescityofceramics.es\/wp-content\/uploads\/2022\/06\/inaiguracio-Bienal-300x300.jpeg\" alt=\"\" width=\"300\" height=\"300\" srcset=\"https:\/\/manisescityofceramics.es\/wp-content\/uploads\/2022\/06\/inaiguracio-Bienal-300x300.jpeg 300w, https:\/\/manisescityofceramics.es\/wp-content\/uploads\/2022\/06\/inaiguracio-Bienal-150x150.jpeg 150w, https:\/\/manisescityofceramics.es\/wp-content\/uploads\/2022\/06\/inaiguracio-Bienal-768x768.jpeg 768w, https:\/\/manisescityofceramics.es\/wp-content\/uploads\/2022\/06\/inaiguracio-Bienal.jpeg 1024w\" sizes=\"(max-width: 300px) 100vw, 300px\" \/><\/p>\n","protected":false},"excerpt":{"rendered":"<p>Manises has celebrated the opening ceremony of the 15th edition of the International Ceramics Biennial and has awarded the prizes of this prestigious international competition, which recognises the value of &hellip;<\/p>\n<p class=\"read-more\"> <a class=\"\" href=\"https:\/\/manisescityofceramics.es\/en\/manises-xv-edition-of-the-biennial-of-ceramics\/\"> <span class=\"screen-reader-text\">Manises rewards tradition and the avant-garde at the 15th edition of the Biennial of Ceramics<\/span> Read More &raquo;<\/a><\/p>\n","protected":false},"author":6,"featured_media":9754,"comment_status":"open","ping_status":"open","sticky":false,"template":"","format":"standard","meta":{"_monsterinsights_skip_tracking":false,"_monsterinsights_sitenote_active":false,"_monsterinsights_sitenote_note":"","_monsterinsights_sitenote_category":0},"categories":[39,37],"tags":[],"yoast_head":"<!-- This site is optimized with the Yoast SEO plugin v16.5 - https:\/\/yoast.com\/wordpress\/plugins\/seo\/ -->\r\n<title>Manises rewards tradition and the avant-garde at the 15th edition of the Biennial of Ceramics - Manises<\/title>\r\n<meta name=\"robots\" content=\"index, follow, max-snippet:-1, max-image-preview:large, max-video-preview:-1\" \/>\r\n<link rel=\"canonical\" href=\"https:\/\/manisescityofceramics.es\/en\/manises-xv-edition-of-the-biennial-of-ceramics\/\" \/>\r\n<meta property=\"og:locale\" content=\"en_US\" \/>\r\n<meta property=\"og:type\" content=\"article\" \/>\r\n<meta property=\"og:title\" content=\"Manises rewards tradition and the avant-garde at the 15th edition of the Biennial of Ceramics - Manises\" \/>\r\n<meta property=\"og:description\" content=\"Manises has celebrated the opening ceremony of the 15th edition of the International Ceramics Biennial and has awarded the prizes of this prestigious international competition, which recognises the value of &hellip; Manises rewards tradition and the avant-garde at the 15th edition of the Biennial of Ceramics Read More &raquo;\" \/>\r\n<meta property=\"og:url\" content=\"https:\/\/manisescityofceramics.es\/en\/manises-xv-edition-of-the-biennial-of-ceramics\/\" \/>\r\n<meta property=\"og:site_name\" content=\"Manises\" \/>\r\n<meta property=\"article:published_time\" content=\"2023-05-17T12:18:48+00:00\" \/>\r\n<meta property=\"article:modified_time\" content=\"2023-05-17T14:12:26+00:00\" \/>\r\n<meta property=\"og:image\" content=\"https:\/\/manisescityofceramics.es\/wp-content\/uploads\/2022\/06\/A-GENERAL-BANNER-EXPO-XV-BIENNAL.jpeg\" \/>\r\n\t<meta property=\"og:image:width\" content=\"2362\" \/>\r\n\t<meta property=\"og:image:height\" content=\"2362\" \/>\r\n<meta name=\"twitter:card\" content=\"summary_large_image\" \/>\r\n<meta name=\"twitter:label1\" content=\"Est. reading time\" \/>\n\t<meta name=\"twitter:data1\" content=\"2 minutes\" \/>\r\n<script type=\"application\/ld+json\" class=\"yoast-schema-graph\">{\"@context\":\"https:\/\/schema.org\",\"@graph\":[{\"@type\":\"WebSite\",\"@id\":\"https:\/\/manisescityofceramics.es\/#website\",\"url\":\"https:\/\/manisescityofceramics.es\/\",\"name\":\"Manises\",\"description\":\"\",\"potentialAction\":[{\"@type\":\"SearchAction\",\"target\":\"https:\/\/manisescityofceramics.es\/?s={search_term_string}\",\"query-input\":\"required name=search_term_string\"}],\"inLanguage\":\"en-US\"},{\"@type\":\"ImageObject\",\"@id\":\"https:\/\/manisescityofceramics.es\/en\/manises-xv-edition-of-the-biennial-of-ceramics\/#primaryimage\",\"inLanguage\":\"en-US\",\"url\":\"https:\/\/manisescityofceramics.es\/wp-content\/uploads\/2022\/06\/A-GENERAL-BANNER-EXPO-XV-BIENNAL.jpeg\",\"contentUrl\":\"https:\/\/manisescityofceramics.es\/wp-content\/uploads\/2022\/06\/A-GENERAL-BANNER-EXPO-XV-BIENNAL.jpeg\",\"width\":2362,\"height\":2362},{\"@type\":\"WebPage\",\"@id\":\"https:\/\/manisescityofceramics.es\/en\/manises-xv-edition-of-the-biennial-of-ceramics\/#webpage\",\"url\":\"https:\/\/manisescityofceramics.es\/en\/manises-xv-edition-of-the-biennial-of-ceramics\/\",\"name\":\"Manises rewards tradition and the avant-garde at the 15th edition of the Biennial of Ceramics - Manises\",\"isPartOf\":{\"@id\":\"https:\/\/manisescityofceramics.es\/#website\"},\"primaryImageOfPage\":{\"@id\":\"https:\/\/manisescityofceramics.es\/en\/manises-xv-edition-of-the-biennial-of-ceramics\/#primaryimage\"},\"datePublished\":\"2023-05-17T12:18:48+00:00\",\"dateModified\":\"2023-05-17T14:12:26+00:00\",\"author\":{\"@id\":\"https:\/\/manisescityofceramics.es\/#\/schema\/person\/51b69ecca7eed93d1f12029ff897028a\"},\"breadcrumb\":{\"@id\":\"https:\/\/manisescityofceramics.es\/en\/manises-xv-edition-of-the-biennial-of-ceramics\/#breadcrumb\"},\"inLanguage\":\"en-US\",\"potentialAction\":[{\"@type\":\"ReadAction\",\"target\":[\"https:\/\/manisescityofceramics.es\/en\/manises-xv-edition-of-the-biennial-of-ceramics\/\"]}]},{\"@type\":\"BreadcrumbList\",\"@id\":\"https:\/\/manisescityofceramics.es\/en\/manises-xv-edition-of-the-biennial-of-ceramics\/#breadcrumb\",\"itemListElement\":[{\"@type\":\"ListItem\",\"position\":1,\"name\":\"Inicio\",\"item\":\"https:\/\/manisescityofceramics.es\/en\/\"},{\"@type\":\"ListItem\",\"position\":2,\"name\":\"Manises rewards tradition and the avant-garde at the 15th edition of the Biennial of Ceramics\"}]},{\"@type\":\"Person\",\"@id\":\"https:\/\/manisescityofceramics.es\/#\/schema\/person\/51b69ecca7eed93d1f12029ff897028a\",\"name\":\"David Prieto Checa\",\"image\":{\"@type\":\"ImageObject\",\"@id\":\"https:\/\/manisescityofceramics.es\/#personlogo\",\"inLanguage\":\"en-US\",\"url\":\"https:\/\/secure.gravatar.com\/avatar\/f11af934216760ee531178a240a47bc0?s=96&d=mm&r=g\",\"contentUrl\":\"https:\/\/secure.gravatar.com\/avatar\/f11af934216760ee531178a240a47bc0?s=96&d=mm&r=g\",\"caption\":\"David Prieto Checa\"}}]}<\/script>\r\n<!-- \/ Yoast SEO plugin. -->","_links":{"self":[{"href":"https:\/\/manisescityofceramics.es\/en\/wp-json\/wp\/v2\/posts\/10480"}],"collection":[{"href":"https:\/\/manisescityofceramics.es\/en\/wp-json\/wp\/v2\/posts"}],"about":[{"href":"https:\/\/manisescityofceramics.es\/en\/wp-json\/wp\/v2\/types\/post"}],"author":[{"embeddable":true,"href":"https:\/\/manisescityofceramics.es\/en\/wp-json\/wp\/v2\/users\/6"}],"replies":[{"embeddable":true,"href":"https:\/\/manisescityofceramics.es\/en\/wp-json\/wp\/v2\/comments?post=10480"}],"version-history":[{"count":2,"href":"https:\/\/manisescityofceramics.es\/en\/wp-json\/wp\/v2\/posts\/10480\/revisions"}],"predecessor-version":[{"id":10482,"href":"https:\/\/manisescityofceramics.es\/en\/wp-json\/wp\/v2\/posts\/10480\/revisions\/10482"}],"wp:featuredmedia":[{"embeddable":true,"href":"https:\/\/manisescityofceramics.es\/en\/wp-json\/wp\/v2\/media\/9754"}],"wp:attachment":[{"href":"https:\/\/manisescityofceramics.es\/en\/wp-json\/wp\/v2\/media?parent=10480"}],"wp:term":[{"taxonomy":"category","embeddable":true,"href":"https:\/\/manisescityofceramics.es\/en\/wp-json\/wp\/v2\/categories?post=10480"},{"taxonomy":"post_tag","embeddable":true,"href":"https:\/\/manisescityofceramics.es\/en\/wp-json\/wp\/v2\/tags?post=10480"}],"curies":[{"name":"wp","href":"https:\/\/api.w.org\/{rel}","templated":true}]}}