{"id":10445,"date":"2023-05-16T11:56:05","date_gmt":"2023-05-16T11:56:05","guid":{"rendered":"https:\/\/manisescityofceramics.es\/?p=10445"},"modified":"2023-05-16T11:56:05","modified_gmt":"2023-05-16T11:56:05","slug":"manises-events-april","status":"publish","type":"post","link":"https:\/\/manisescityofceramics.es\/en\/manises-events-april\/","title":{"rendered":"Manises to take part in European Crafts Days, \u00a1Hola Cer\u00e0mica! and Fira de les Comarques"},"content":{"rendered":"<p>During this week we will be present at different events of great relevance in the ceramic sector. From 27 March to 2 April we will be present at the European Crafts Days, on 31 March, 1 and 2 April at Fira de les Comarques and \u00a1Hola Cer\u00e0mica!<\/p>\n<p>One year after being named a UNESCO Creative City in the modality of Crafts and Popular Arts, we continue to be committed to active participation in events that promote and encourage handcrafted ceramics.<\/p>\n<p>In the words of our councillor for the Promotion of Ceramics, Xavier Morant, &#8220;at Manises we are always committed to extolling our most deeply-rooted tradition and revitalising the ceramics sector, which is why we are joining the different European campaigns that will take place over the next few days&#8221;. For his part, the Councillor for Tourism, \u00c1ngel Mora, remarked that &#8220;Fira de les Comarques is a perfect showcase to show the world our tourist resources and, of course, our ceramics&#8221;.<\/p>\n<p><strong>Events <\/strong><\/p>\n<p><strong>European Crafts Days and \u00a1Hola Cer\u00e0mica!<\/strong><\/p>\n<p>From 27 March to 2 April, we will be present at the European Crafts Days, an opportunity to observe the diversity of craft creation in Spain.<\/p>\n<p>On the other hand, on the 1st and 2nd of April, \u00a1Hola Cer\u00e0mica! An activity to promote ceramics that aims to make ceramics known to a wider public through several days of visits to both the Valencian Ceramics Association and our Ceramics Museum. The activity is promoted by the Spanish Association of Ceramics Cities (AeCC). Other countries with national associations of ceramic cities such as Italy and Portugal coincide in holding these events.<\/p>\n<p>On the occasion of the European Days and \u00a1Hola Cer\u00e0mica!, we have organised free activities with the aim of bringing visitors and interested people of all ages closer to the sphere of craft creation.<\/p>\n<p><img loading=\"lazy\" class=\"alignnone size-medium wp-image-10285\" src=\"https:\/\/manisescityofceramics.es\/wp-content\/uploads\/2023\/03\/Taller-Avec_2-225x300.jpeg\" alt=\"\" width=\"225\" height=\"300\" srcset=\"https:\/\/manisescityofceramics.es\/wp-content\/uploads\/2023\/03\/Taller-Avec_2-225x300.jpeg 225w, https:\/\/manisescityofceramics.es\/wp-content\/uploads\/2023\/03\/Taller-Avec_2-768x1024.jpeg 768w, https:\/\/manisescityofceramics.es\/wp-content\/uploads\/2023\/03\/Taller-Avec_2-1152x1536.jpeg 1152w, https:\/\/manisescityofceramics.es\/wp-content\/uploads\/2023\/03\/Taller-Avec_2.jpeg 1536w\" sizes=\"(max-width: 225px) 100vw, 225px\" \/><\/p>\n<p>On 27th March, the Associaci\u00f3 Valenciana de Cer\u00e0mica AVEC &#8211; Gremi, will hold a workshop at 10:30 a.m. on taulell decoration using the socarrat technique, and at 12:00 p.m. a visit to the workshop, exhibition, and shop.<\/p>\n<p><img loading=\"lazy\" class=\"alignnone size-medium wp-image-10288\" src=\"https:\/\/manisescityofceramics.es\/wp-content\/uploads\/2023\/03\/Taller-Avec-300x225.jpeg\" alt=\"\" width=\"300\" height=\"225\" srcset=\"https:\/\/manisescityofceramics.es\/wp-content\/uploads\/2023\/03\/Taller-Avec-300x225.jpeg 300w, https:\/\/manisescityofceramics.es\/wp-content\/uploads\/2023\/03\/Taller-Avec-1024x768.jpeg 1024w, https:\/\/manisescityofceramics.es\/wp-content\/uploads\/2023\/03\/Taller-Avec-768x576.jpeg 768w, https:\/\/manisescityofceramics.es\/wp-content\/uploads\/2023\/03\/Taller-Avec-1536x1152.jpeg 1536w, https:\/\/manisescityofceramics.es\/wp-content\/uploads\/2023\/03\/Taller-Avec.jpeg 2048w\" sizes=\"(max-width: 300px) 100vw, 300px\" \/><\/p>\n<p>Also, on 31 March and 1 April, the Manises Ceramics Museum will be holding a free guided tour at 10:30 am. To attend, please confirm your attendance at <a href=\"mailto:turismo@manises.es\">turismo@manises.es<\/a><\/p>\n<p>On the occasion of the celebration of the European Crafts Days and \u00a1Hola Cer\u00e0mica!, Manises City of Ceramics social networks have launched a prize draw in which the winners will win a ceramic workshop at Aliarte Cer\u00e1mica and a pack of handmade ceramic pieces. The prize draw will be open until Monday 3 April.<\/p>\n<p><strong>Fira de les Comarques<\/strong><\/p>\n<p>On 31st March, 1st and 2nd April our Town Hall will participate in the Fira de les Comarques, organised by the Diputaci\u00f3n de Val\u00e8ncia in the Plaza de Toros of the city of the T\u00faria. The aim of our participation is to promote our city, our history, heritage and ceramic tradition.<\/p>\n<p>This is one of the most important tourism fairs in the Valencian Community, where the entire tourism offer of the counties and municipalities of the province of Valencia will be present. The aim of the fair is to promote the tourism products of the inland municipalities of the province of Valencia.<\/p>\n","protected":false},"excerpt":{"rendered":"<p>During this week we will be present at different events of great relevance in the ceramic sector. From 27 March to 2 April we will be present at the European &hellip;<\/p>\n<p class=\"read-more\"> <a class=\"\" href=\"https:\/\/manisescityofceramics.es\/en\/manises-events-april\/\"> <span class=\"screen-reader-text\">Manises to take part in European Crafts Days, \u00a1Hola Cer\u00e0mica! and Fira de les Comarques<\/span> Read More &raquo;<\/a><\/p>\n","protected":false},"author":6,"featured_media":10300,"comment_status":"open","ping_status":"open","sticky":false,"template":"","format":"standard","meta":{"_monsterinsights_skip_tracking":false,"_monsterinsights_sitenote_active":false,"_monsterinsights_sitenote_note":"","_monsterinsights_sitenote_category":0},"categories":[39,37],"tags":[],"yoast_head":"<!-- This site is optimized with the Yoast SEO plugin v16.5 - https:\/\/yoast.com\/wordpress\/plugins\/seo\/ -->\r\n<title>Manises participates in European Crafts Days, \u00a1Hola Cer\u00e0mica! and Fira de les Comarques<\/title>\r\n<meta name=\"description\" content=\"During this week we will be present at different events of great relevance in the ceramic sector. From 27 March to 2 April we will be present at the European Crafts Days, on 31 March, 1 and 2 April at Fira de les Comarques and \u00a1Hola Cer\u00e0mica!\" \/>\r\n<meta name=\"robots\" content=\"index, follow, max-snippet:-1, max-image-preview:large, max-video-preview:-1\" \/>\r\n<link rel=\"canonical\" href=\"https:\/\/manisescityofceramics.es\/en\/manises-events-april\/\" \/>\r\n<meta property=\"og:locale\" content=\"en_US\" \/>\r\n<meta property=\"og:type\" content=\"article\" \/>\r\n<meta property=\"og:title\" content=\"Manises participates in European Crafts Days, \u00a1Hola Cer\u00e0mica! and Fira de les Comarques\" \/>\r\n<meta property=\"og:description\" content=\"During this week we will be present at different events of great relevance in the ceramic sector. From 27 March to 2 April we will be present at the European Crafts Days, on 31 March, 1 and 2 April at Fira de les Comarques and \u00a1Hola Cer\u00e0mica!\" \/>\r\n<meta property=\"og:url\" content=\"https:\/\/manisescityofceramics.es\/en\/manises-events-april\/\" \/>\r\n<meta property=\"og:site_name\" content=\"Manises\" \/>\r\n<meta property=\"article:published_time\" content=\"2023-05-16T11:56:05+00:00\" \/>\r\n<meta name=\"twitter:card\" content=\"summary_large_image\" \/>\r\n<meta name=\"twitter:image\" content=\"https:\/\/manisescityofceramics.es\/wp-content\/uploads\/2023\/03\/Manises_Di\u0301as-Europeos-Artesani\u0301a-\u00a1Hola-Cera\u0300mica.jpeg\" \/>\r\n<meta name=\"twitter:label1\" content=\"Est. reading time\" \/>\n\t<meta name=\"twitter:data1\" content=\"3 minutes\" \/>\r\n<script type=\"application\/ld+json\" class=\"yoast-schema-graph\">{\"@context\":\"https:\/\/schema.org\",\"@graph\":[{\"@type\":\"WebSite\",\"@id\":\"https:\/\/manisescityofceramics.es\/#website\",\"url\":\"https:\/\/manisescityofceramics.es\/\",\"name\":\"Manises\",\"description\":\"\",\"potentialAction\":[{\"@type\":\"SearchAction\",\"target\":\"https:\/\/manisescityofceramics.es\/?s={search_term_string}\",\"query-input\":\"required name=search_term_string\"}],\"inLanguage\":\"en-US\"},{\"@type\":\"ImageObject\",\"@id\":\"https:\/\/manisescityofceramics.es\/en\/manises-events-april\/#primaryimage\",\"inLanguage\":\"en-US\",\"url\":\"https:\/\/manisescityofceramics.es\/wp-content\/uploads\/2023\/03\/Manises_Di\\u0301as-Europeos-Artesani\\u0301a-\\u00a1Hola-Cera\\u0300mica.jpeg\",\"contentUrl\":\"https:\/\/manisescityofceramics.es\/wp-content\/uploads\/2023\/03\/Manises_Di\\u0301as-Europeos-Artesani\\u0301a-\\u00a1Hola-Cera\\u0300mica.jpeg\"},{\"@type\":\"WebPage\",\"@id\":\"https:\/\/manisescityofceramics.es\/en\/manises-events-april\/#webpage\",\"url\":\"https:\/\/manisescityofceramics.es\/en\/manises-events-april\/\",\"name\":\"Manises participates in European Crafts Days, \\u00a1Hola Cer\\u00e0mica! and Fira de les Comarques\",\"isPartOf\":{\"@id\":\"https:\/\/manisescityofceramics.es\/#website\"},\"primaryImageOfPage\":{\"@id\":\"https:\/\/manisescityofceramics.es\/en\/manises-events-april\/#primaryimage\"},\"datePublished\":\"2023-05-16T11:56:05+00:00\",\"dateModified\":\"2023-05-16T11:56:05+00:00\",\"author\":{\"@id\":\"https:\/\/manisescityofceramics.es\/#\/schema\/person\/51b69ecca7eed93d1f12029ff897028a\"},\"description\":\"During this week we will be present at different events of great relevance in the ceramic sector. From 27 March to 2 April we will be present at the European Crafts Days, on 31 March, 1 and 2 April at Fira de les Comarques and \\u00a1Hola Cer\\u00e0mica!\",\"breadcrumb\":{\"@id\":\"https:\/\/manisescityofceramics.es\/en\/manises-events-april\/#breadcrumb\"},\"inLanguage\":\"en-US\",\"potentialAction\":[{\"@type\":\"ReadAction\",\"target\":[\"https:\/\/manisescityofceramics.es\/en\/manises-events-april\/\"]}]},{\"@type\":\"BreadcrumbList\",\"@id\":\"https:\/\/manisescityofceramics.es\/en\/manises-events-april\/#breadcrumb\",\"itemListElement\":[{\"@type\":\"ListItem\",\"position\":1,\"name\":\"Inicio\",\"item\":\"https:\/\/manisescityofceramics.es\/en\/\"},{\"@type\":\"ListItem\",\"position\":2,\"name\":\"Manises to take part in European Crafts Days, \\u00a1Hola Cer\\u00e0mica! and Fira de les Comarques\"}]},{\"@type\":\"Person\",\"@id\":\"https:\/\/manisescityofceramics.es\/#\/schema\/person\/51b69ecca7eed93d1f12029ff897028a\",\"name\":\"David Prieto Checa\",\"image\":{\"@type\":\"ImageObject\",\"@id\":\"https:\/\/manisescityofceramics.es\/#personlogo\",\"inLanguage\":\"en-US\",\"url\":\"https:\/\/secure.gravatar.com\/avatar\/f11af934216760ee531178a240a47bc0?s=96&d=mm&r=g\",\"contentUrl\":\"https:\/\/secure.gravatar.com\/avatar\/f11af934216760ee531178a240a47bc0?s=96&d=mm&r=g\",\"caption\":\"David Prieto Checa\"}}]}<\/script>\r\n<!-- \/ Yoast SEO plugin. -->","_links":{"self":[{"href":"https:\/\/manisescityofceramics.es\/en\/wp-json\/wp\/v2\/posts\/10445"}],"collection":[{"href":"https:\/\/manisescityofceramics.es\/en\/wp-json\/wp\/v2\/posts"}],"about":[{"href":"https:\/\/manisescityofceramics.es\/en\/wp-json\/wp\/v2\/types\/post"}],"author":[{"embeddable":true,"href":"https:\/\/manisescityofceramics.es\/en\/wp-json\/wp\/v2\/users\/6"}],"replies":[{"embeddable":true,"href":"https:\/\/manisescityofceramics.es\/en\/wp-json\/wp\/v2\/comments?post=10445"}],"version-history":[{"count":1,"href":"https:\/\/manisescityofceramics.es\/en\/wp-json\/wp\/v2\/posts\/10445\/revisions"}],"predecessor-version":[{"id":10446,"href":"https:\/\/manisescityofceramics.es\/en\/wp-json\/wp\/v2\/posts\/10445\/revisions\/10446"}],"wp:featuredmedia":[{"embeddable":true,"href":"https:\/\/manisescityofceramics.es\/en\/wp-json\/wp\/v2\/media\/10300"}],"wp:attachment":[{"href":"https:\/\/manisescityofceramics.es\/en\/wp-json\/wp\/v2\/media?parent=10445"}],"wp:term":[{"taxonomy":"category","embeddable":true,"href":"https:\/\/manisescityofceramics.es\/en\/wp-json\/wp\/v2\/categories?post=10445"},{"taxonomy":"post_tag","embeddable":true,"href":"https:\/\/manisescityofceramics.es\/en\/wp-json\/wp\/v2\/tags?post=10445"}],"curies":[{"name":"wp","href":"https:\/\/api.w.org\/{rel}","templated":true}]}}