{"id":9205,"date":"2021-07-01T10:00:52","date_gmt":"2021-07-01T10:00:52","guid":{"rendered":"https:\/\/manisescityofceramics.es\/entrega-detalles-ceramicos-a-los-sanitarios-en-agradecimiento-por-su-labor\/"},"modified":"2021-08-03T10:49:10","modified_gmt":"2021-08-03T10:49:10","slug":"entrega-detalles-ceramicos-a-los-sanitarios-en-agradecimiento-por-su-labor","status":"publish","type":"post","link":"https:\/\/manisescityofceramics.es\/ca\/entrega-detalles-ceramicos-a-los-sanitarios-en-agradecimiento-por-su-labor\/","title":{"rendered":"Entrega detalls cer\u00e0mics agra\u00efment a sanitaris"},"content":{"rendered":"<p>El dia 1 de juliol tindr\u00e0 lloc l\u2019acte de lliurament dels detalls cer\u00e0mics que les regidories de Turisme i Promoci\u00f3 de la Cer\u00e0mica de l\u2019Ajuntament de Manises han promogut amb l\u2019objectiu d\u2019agrair la tasca del personal sanitari dels centres de la ciutat durant la pand\u00e8mia.<\/p>\n<p>L\u2019acte tindr\u00e0 lloc en el claustre de la Casa de Cultura de Manises al migdia.<!--more--><\/p>\n<p>El personal sanitari de Manises mereix un reconeixement especial i, amb aquest lliurament, es pret\u00e9n valorar el seu esfor\u00e7 i treball, aix\u00ed com ressaltar la valentia, dedicaci\u00f3 i vocaci\u00f3 de servei que han demostrat i que han sigut un model per a tota la societat.<\/p>\n<p>Les peces cer\u00e0miques que s\u2019entreguen formen part de les que s\u2019haurien d\u2019haver repartit en la Cavalcada de la Cer\u00e0mica dels anys 2020 i 2021, que no es van poder celebrar a conseq\u00fc\u00e8ncia de la pand\u00e8mia.<\/p>\n","protected":false},"excerpt":{"rendered":"<p>El dia 1 de juliol tindr\u00e0 lloc l\u2019acte de lliurament dels detalls cer\u00e0mics que les regidories de Turisme i Promoci\u00f3 de la Cer\u00e0mica de l\u2019Ajuntament de Manises han promogut amb &hellip;<\/p>\n<p class=\"read-more\"> <a class=\"\" href=\"https:\/\/manisescityofceramics.es\/ca\/entrega-detalles-ceramicos-a-los-sanitarios-en-agradecimiento-por-su-labor\/\"> <span class=\"screen-reader-text\">Entrega detalls cer\u00e0mics agra\u00efment a sanitaris<\/span> Llegeix m\u00e9s &raquo;<\/a><\/p>\n","protected":false},"author":6,"featured_media":9065,"comment_status":"open","ping_status":"open","sticky":false,"template":"","format":"standard","meta":{"_monsterinsights_skip_tracking":false,"_monsterinsights_sitenote_active":false,"_monsterinsights_sitenote_note":"","_monsterinsights_sitenote_category":0},"categories":[36],"tags":[],"yoast_head":"<!-- This site is optimized with the Yoast SEO plugin v16.5 - https:\/\/yoast.com\/wordpress\/plugins\/seo\/ -->\r\n<title>Entrega detalls cer\u00e0mics agra\u00efment a sanitaris - Manises<\/title>\r\n<meta name=\"description\" content=\"Manises entrega detalls cer\u00e0mics als sanitaris en agra\u00efment per la seua labor durant la pand\u00e8mia de la Covid19.\" \/>\r\n<meta name=\"robots\" content=\"index, follow, max-snippet:-1, max-image-preview:large, max-video-preview:-1\" \/>\r\n<link rel=\"canonical\" href=\"https:\/\/manisescityofceramics.es\/ca\/entrega-detalles-ceramicos-a-los-sanitarios-en-agradecimiento-por-su-labor\/\" \/>\r\n<meta property=\"og:locale\" content=\"ca_ES\" \/>\r\n<meta property=\"og:type\" content=\"article\" \/>\r\n<meta property=\"og:title\" content=\"Entrega detalls cer\u00e0mics agra\u00efment a sanitaris - Manises\" \/>\r\n<meta property=\"og:description\" content=\"Manises entrega detalls cer\u00e0mics als sanitaris en agra\u00efment per la seua labor durant la pand\u00e8mia de la Covid19.\" \/>\r\n<meta property=\"og:url\" content=\"https:\/\/manisescityofceramics.es\/ca\/entrega-detalles-ceramicos-a-los-sanitarios-en-agradecimiento-por-su-labor\/\" \/>\r\n<meta property=\"og:site_name\" content=\"Manises\" \/>\r\n<meta property=\"article:published_time\" content=\"2021-07-01T10:00:52+00:00\" \/>\r\n<meta property=\"article:modified_time\" content=\"2021-08-03T10:49:10+00:00\" \/>\r\n<meta property=\"og:image\" content=\"https:\/\/manisescityofceramics.es\/wp-content\/uploads\/2021\/07\/2021-07-14-Agraiment-sanitaris.jpg\" \/>\r\n\t<meta property=\"og:image:width\" content=\"766\" \/>\r\n\t<meta property=\"og:image:height\" content=\"575\" \/>\r\n<meta name=\"twitter:card\" content=\"summary_large_image\" \/>\r\n<meta name=\"twitter:label1\" content=\"Temps estimat de lectura\" \/>\n\t<meta name=\"twitter:data1\" content=\"1 minut\" \/>\r\n<script type=\"application\/ld+json\" class=\"yoast-schema-graph\">{\"@context\":\"https:\/\/schema.org\",\"@graph\":[{\"@type\":\"WebSite\",\"@id\":\"https:\/\/manisescityofceramics.es\/#website\",\"url\":\"https:\/\/manisescityofceramics.es\/\",\"name\":\"Manises\",\"description\":\"\",\"potentialAction\":[{\"@type\":\"SearchAction\",\"target\":\"https:\/\/manisescityofceramics.es\/?s={search_term_string}\",\"query-input\":\"required name=search_term_string\"}],\"inLanguage\":\"ca\"},{\"@type\":\"ImageObject\",\"@id\":\"https:\/\/manisescityofceramics.es\/ca\/entrega-detalles-ceramicos-a-los-sanitarios-en-agradecimiento-por-su-labor\/#primaryimage\",\"inLanguage\":\"ca\",\"url\":\"https:\/\/manisescityofceramics.es\/wp-content\/uploads\/2021\/07\/2021-07-14-Agraiment-sanitaris.jpg\",\"contentUrl\":\"https:\/\/manisescityofceramics.es\/wp-content\/uploads\/2021\/07\/2021-07-14-Agraiment-sanitaris.jpg\",\"width\":766,\"height\":575},{\"@type\":\"WebPage\",\"@id\":\"https:\/\/manisescityofceramics.es\/ca\/entrega-detalles-ceramicos-a-los-sanitarios-en-agradecimiento-por-su-labor\/#webpage\",\"url\":\"https:\/\/manisescityofceramics.es\/ca\/entrega-detalles-ceramicos-a-los-sanitarios-en-agradecimiento-por-su-labor\/\",\"name\":\"Entrega detalls cer\\u00e0mics agra\\u00efment a sanitaris - Manises\",\"isPartOf\":{\"@id\":\"https:\/\/manisescityofceramics.es\/#website\"},\"primaryImageOfPage\":{\"@id\":\"https:\/\/manisescityofceramics.es\/ca\/entrega-detalles-ceramicos-a-los-sanitarios-en-agradecimiento-por-su-labor\/#primaryimage\"},\"datePublished\":\"2021-07-01T10:00:52+00:00\",\"dateModified\":\"2021-08-03T10:49:10+00:00\",\"author\":{\"@id\":\"https:\/\/manisescityofceramics.es\/#\/schema\/person\/51b69ecca7eed93d1f12029ff897028a\"},\"description\":\"Manises entrega detalls cer\\u00e0mics als sanitaris en agra\\u00efment per la seua labor durant la pand\\u00e8mia de la Covid19.\",\"breadcrumb\":{\"@id\":\"https:\/\/manisescityofceramics.es\/ca\/entrega-detalles-ceramicos-a-los-sanitarios-en-agradecimiento-por-su-labor\/#breadcrumb\"},\"inLanguage\":\"ca\",\"potentialAction\":[{\"@type\":\"ReadAction\",\"target\":[\"https:\/\/manisescityofceramics.es\/ca\/entrega-detalles-ceramicos-a-los-sanitarios-en-agradecimiento-por-su-labor\/\"]}]},{\"@type\":\"BreadcrumbList\",\"@id\":\"https:\/\/manisescityofceramics.es\/ca\/entrega-detalles-ceramicos-a-los-sanitarios-en-agradecimiento-por-su-labor\/#breadcrumb\",\"itemListElement\":[{\"@type\":\"ListItem\",\"position\":1,\"name\":\"Inicio\",\"item\":\"https:\/\/manisescityofceramics.es\/ca\/\"},{\"@type\":\"ListItem\",\"position\":2,\"name\":\"Entrega detalls cer\\u00e0mics agra\\u00efment a sanitaris\"}]},{\"@type\":\"Person\",\"@id\":\"https:\/\/manisescityofceramics.es\/#\/schema\/person\/51b69ecca7eed93d1f12029ff897028a\",\"name\":\"David Prieto Checa\",\"image\":{\"@type\":\"ImageObject\",\"@id\":\"https:\/\/manisescityofceramics.es\/#personlogo\",\"inLanguage\":\"ca\",\"url\":\"https:\/\/secure.gravatar.com\/avatar\/f11af934216760ee531178a240a47bc0?s=96&d=mm&r=g\",\"contentUrl\":\"https:\/\/secure.gravatar.com\/avatar\/f11af934216760ee531178a240a47bc0?s=96&d=mm&r=g\",\"caption\":\"David Prieto Checa\"}}]}<\/script>\r\n<!-- \/ Yoast SEO plugin. -->","_links":{"self":[{"href":"https:\/\/manisescityofceramics.es\/ca\/wp-json\/wp\/v2\/posts\/9205"}],"collection":[{"href":"https:\/\/manisescityofceramics.es\/ca\/wp-json\/wp\/v2\/posts"}],"about":[{"href":"https:\/\/manisescityofceramics.es\/ca\/wp-json\/wp\/v2\/types\/post"}],"author":[{"embeddable":true,"href":"https:\/\/manisescityofceramics.es\/ca\/wp-json\/wp\/v2\/users\/6"}],"replies":[{"embeddable":true,"href":"https:\/\/manisescityofceramics.es\/ca\/wp-json\/wp\/v2\/comments?post=9205"}],"version-history":[{"count":1,"href":"https:\/\/manisescityofceramics.es\/ca\/wp-json\/wp\/v2\/posts\/9205\/revisions"}],"predecessor-version":[{"id":9207,"href":"https:\/\/manisescityofceramics.es\/ca\/wp-json\/wp\/v2\/posts\/9205\/revisions\/9207"}],"wp:featuredmedia":[{"embeddable":true,"href":"https:\/\/manisescityofceramics.es\/ca\/wp-json\/wp\/v2\/media\/9065"}],"wp:attachment":[{"href":"https:\/\/manisescityofceramics.es\/ca\/wp-json\/wp\/v2\/media?parent=9205"}],"wp:term":[{"taxonomy":"category","embeddable":true,"href":"https:\/\/manisescityofceramics.es\/ca\/wp-json\/wp\/v2\/categories?post=9205"},{"taxonomy":"post_tag","embeddable":true,"href":"https:\/\/manisescityofceramics.es\/ca\/wp-json\/wp\/v2\/tags?post=9205"}],"curies":[{"name":"wp","href":"https:\/\/api.w.org\/{rel}","templated":true}]}}