{"id":9124,"date":"2021-05-27T00:15:15","date_gmt":"2021-05-27T00:15:15","guid":{"rendered":"https:\/\/manisescityofceramics.es\/el-museo-de-ceramica-de-manises-en-la-calle-por-el-dia-internacional-de-los-museos\/"},"modified":"2021-08-02T08:08:09","modified_gmt":"2021-08-02T08:08:09","slug":"el-museo-de-ceramica-de-manises-en-la-calle-por-el-dia-internacional-de-los-museos","status":"publish","type":"post","link":"https:\/\/manisescityofceramics.es\/ca\/el-museo-de-ceramica-de-manises-en-la-calle-por-el-dia-internacional-de-los-museos\/","title":{"rendered":"Dia Internacional dels Museus 2021"},"content":{"rendered":"<p>Enguany, el Museu de la Cer\u00e0mica de Manises s\u2019unir\u00e0 al Dia Internacional dels Museus 2021 i exposar\u00e0, a final de mes, una s\u00e8rie d\u2019obres del fons art\u00edstic del Museu de la Cer\u00e0mica de Manises als carrers de la localitat centrant-se, principalment, en altres formes de difusi\u00f3 del museu.<\/p>\n<p>Concretament, es reproduiran 15 c\u00f2pies de panells cer\u00e0mics que es penjaran en les fa\u00e7anes dels comer\u00e7os locals i del mercat dels Pins de Manises, c\u00f2pies relacionades amb el producte de venda dels mateixos comer\u00e7os.<\/p>\n<p>Amb aquesta iniciativa, des de la Regidoria de Museus es tracta d\u2019acostar els fons art\u00edstics del Museu de la Cer\u00e0mica tant a la ciutadania com als comer\u00e7os locals. La idea del DIM 2021 pret\u00e9n tamb\u00e9 donar visibilitat a una forma de publicitat m\u00e9s sostenible, duradora i menys contaminant com \u00e9s la cer\u00e0mica.<\/p>\n<p>Els originals cer\u00e0mics dels panells reprodu\u00efts per a les fa\u00e7anes dels comer\u00e7os van ser produ\u00efts principalment a la f\u00e0brica de Francisco Lahuerta i daten del 1928. Uns altres s\u00f3n donacions al museu de la localitat. Tots els panells cer\u00e0mics es poden visitar en el Museu de la Cer\u00e0mica de Manises, ja que les visites continuaran la marxa habitual amb les mesures preventives per a fer front a la COVID-19.<\/p>\n","protected":false},"excerpt":{"rendered":"<p>Enguany, el Museu de la Cer\u00e0mica de Manises s\u2019unir\u00e0 al Dia Internacional dels Museus 2021 i exposar\u00e0, a final de mes, una s\u00e8rie d\u2019obres del fons art\u00edstic del Museu de &hellip;<\/p>\n<p class=\"read-more\"> <a class=\"\" href=\"https:\/\/manisescityofceramics.es\/ca\/el-museo-de-ceramica-de-manises-en-la-calle-por-el-dia-internacional-de-los-museos\/\"> <span class=\"screen-reader-text\">Dia Internacional dels Museus 2021<\/span> Llegeix m\u00e9s &raquo;<\/a><\/p>\n","protected":false},"author":3,"featured_media":8890,"comment_status":"open","ping_status":"open","sticky":false,"template":"","format":"standard","meta":{"_monsterinsights_skip_tracking":false,"_monsterinsights_sitenote_active":false,"_monsterinsights_sitenote_note":"","_monsterinsights_sitenote_category":0},"categories":[36],"tags":[],"yoast_head":"<!-- This site is optimized with the Yoast SEO plugin v16.5 - https:\/\/yoast.com\/wordpress\/plugins\/seo\/ -->\r\n<title>Dia Internacional dels Museus 2021 - Manises<\/title>\r\n<meta name=\"description\" content=\"El Museu de Cer\u00e0mica de Manises celebra el Dia Internacional dels Museus 2021 amb una exposici\u00f3 de cartells publicitaris.\" \/>\r\n<meta name=\"robots\" content=\"index, follow, max-snippet:-1, max-image-preview:large, max-video-preview:-1\" \/>\r\n<link rel=\"canonical\" href=\"https:\/\/manisescityofceramics.es\/ca\/el-museo-de-ceramica-de-manises-en-la-calle-por-el-dia-internacional-de-los-museos\/\" \/>\r\n<meta property=\"og:locale\" content=\"ca_ES\" \/>\r\n<meta property=\"og:type\" content=\"article\" \/>\r\n<meta property=\"og:title\" content=\"Dia Internacional dels Museus 2021 - Manises\" \/>\r\n<meta property=\"og:description\" content=\"El Museu de Cer\u00e0mica de Manises celebra el Dia Internacional dels Museus 2021 amb una exposici\u00f3 de cartells publicitaris.\" \/>\r\n<meta property=\"og:url\" content=\"https:\/\/manisescityofceramics.es\/ca\/el-museo-de-ceramica-de-manises-en-la-calle-por-el-dia-internacional-de-los-museos\/\" \/>\r\n<meta property=\"og:site_name\" content=\"Manises\" \/>\r\n<meta property=\"article:published_time\" content=\"2021-05-27T00:15:15+00:00\" \/>\r\n<meta property=\"article:modified_time\" content=\"2021-08-02T08:08:09+00:00\" \/>\r\n<meta property=\"og:image\" content=\"https:\/\/manisescityofceramics.es\/wp-content\/uploads\/2021\/06\/DIM-532x1024.png\" \/>\r\n\t<meta property=\"og:image:width\" content=\"532\" \/>\r\n\t<meta property=\"og:image:height\" content=\"1024\" \/>\r\n<meta name=\"twitter:card\" content=\"summary_large_image\" \/>\r\n<meta name=\"twitter:label1\" content=\"Temps estimat de lectura\" \/>\n\t<meta name=\"twitter:data1\" content=\"1 minut\" \/>\r\n<script type=\"application\/ld+json\" class=\"yoast-schema-graph\">{\"@context\":\"https:\/\/schema.org\",\"@graph\":[{\"@type\":\"WebSite\",\"@id\":\"https:\/\/manisescityofceramics.es\/#website\",\"url\":\"https:\/\/manisescityofceramics.es\/\",\"name\":\"Manises\",\"description\":\"\",\"potentialAction\":[{\"@type\":\"SearchAction\",\"target\":\"https:\/\/manisescityofceramics.es\/?s={search_term_string}\",\"query-input\":\"required name=search_term_string\"}],\"inLanguage\":\"ca\"},{\"@type\":\"ImageObject\",\"@id\":\"https:\/\/manisescityofceramics.es\/ca\/el-museo-de-ceramica-de-manises-en-la-calle-por-el-dia-internacional-de-los-museos\/#primaryimage\",\"inLanguage\":\"ca\",\"url\":\"https:\/\/manisescityofceramics.es\/wp-content\/uploads\/2021\/06\/DIM.png\",\"contentUrl\":\"https:\/\/manisescityofceramics.es\/wp-content\/uploads\/2021\/06\/DIM.png\",\"width\":1300,\"height\":2501},{\"@type\":\"WebPage\",\"@id\":\"https:\/\/manisescityofceramics.es\/ca\/el-museo-de-ceramica-de-manises-en-la-calle-por-el-dia-internacional-de-los-museos\/#webpage\",\"url\":\"https:\/\/manisescityofceramics.es\/ca\/el-museo-de-ceramica-de-manises-en-la-calle-por-el-dia-internacional-de-los-museos\/\",\"name\":\"Dia Internacional dels Museus 2021 - Manises\",\"isPartOf\":{\"@id\":\"https:\/\/manisescityofceramics.es\/#website\"},\"primaryImageOfPage\":{\"@id\":\"https:\/\/manisescityofceramics.es\/ca\/el-museo-de-ceramica-de-manises-en-la-calle-por-el-dia-internacional-de-los-museos\/#primaryimage\"},\"datePublished\":\"2021-05-27T00:15:15+00:00\",\"dateModified\":\"2021-08-02T08:08:09+00:00\",\"author\":{\"@id\":\"https:\/\/manisescityofceramics.es\/#\/schema\/person\/5c8191904e875fa86333189aa75fb5a2\"},\"description\":\"El Museu de Cer\\u00e0mica de Manises celebra el Dia Internacional dels Museus 2021 amb una exposici\\u00f3 de cartells publicitaris.\",\"breadcrumb\":{\"@id\":\"https:\/\/manisescityofceramics.es\/ca\/el-museo-de-ceramica-de-manises-en-la-calle-por-el-dia-internacional-de-los-museos\/#breadcrumb\"},\"inLanguage\":\"ca\",\"potentialAction\":[{\"@type\":\"ReadAction\",\"target\":[\"https:\/\/manisescityofceramics.es\/ca\/el-museo-de-ceramica-de-manises-en-la-calle-por-el-dia-internacional-de-los-museos\/\"]}]},{\"@type\":\"BreadcrumbList\",\"@id\":\"https:\/\/manisescityofceramics.es\/ca\/el-museo-de-ceramica-de-manises-en-la-calle-por-el-dia-internacional-de-los-museos\/#breadcrumb\",\"itemListElement\":[{\"@type\":\"ListItem\",\"position\":1,\"name\":\"Inicio\",\"item\":\"https:\/\/manisescityofceramics.es\/ca\/\"},{\"@type\":\"ListItem\",\"position\":2,\"name\":\"Dia Internacional dels Museus 2021\"}]},{\"@type\":\"Person\",\"@id\":\"https:\/\/manisescityofceramics.es\/#\/schema\/person\/5c8191904e875fa86333189aa75fb5a2\",\"name\":\"Ayuntamiento Manises\",\"image\":{\"@type\":\"ImageObject\",\"@id\":\"https:\/\/manisescityofceramics.es\/#personlogo\",\"inLanguage\":\"ca\",\"url\":\"https:\/\/secure.gravatar.com\/avatar\/0cf2620592b26b21693254d45bbfd129?s=96&d=mm&r=g\",\"contentUrl\":\"https:\/\/secure.gravatar.com\/avatar\/0cf2620592b26b21693254d45bbfd129?s=96&d=mm&r=g\",\"caption\":\"Ayuntamiento Manises\"}}]}<\/script>\r\n<!-- \/ Yoast SEO plugin. -->","_links":{"self":[{"href":"https:\/\/manisescityofceramics.es\/ca\/wp-json\/wp\/v2\/posts\/9124"}],"collection":[{"href":"https:\/\/manisescityofceramics.es\/ca\/wp-json\/wp\/v2\/posts"}],"about":[{"href":"https:\/\/manisescityofceramics.es\/ca\/wp-json\/wp\/v2\/types\/post"}],"author":[{"embeddable":true,"href":"https:\/\/manisescityofceramics.es\/ca\/wp-json\/wp\/v2\/users\/3"}],"replies":[{"embeddable":true,"href":"https:\/\/manisescityofceramics.es\/ca\/wp-json\/wp\/v2\/comments?post=9124"}],"version-history":[{"count":2,"href":"https:\/\/manisescityofceramics.es\/ca\/wp-json\/wp\/v2\/posts\/9124\/revisions"}],"predecessor-version":[{"id":9129,"href":"https:\/\/manisescityofceramics.es\/ca\/wp-json\/wp\/v2\/posts\/9124\/revisions\/9129"}],"wp:featuredmedia":[{"embeddable":true,"href":"https:\/\/manisescityofceramics.es\/ca\/wp-json\/wp\/v2\/media\/8890"}],"wp:attachment":[{"href":"https:\/\/manisescityofceramics.es\/ca\/wp-json\/wp\/v2\/media?parent=9124"}],"wp:term":[{"taxonomy":"category","embeddable":true,"href":"https:\/\/manisescityofceramics.es\/ca\/wp-json\/wp\/v2\/categories?post=9124"},{"taxonomy":"post_tag","embeddable":true,"href":"https:\/\/manisescityofceramics.es\/ca\/wp-json\/wp\/v2\/tags?post=9124"}],"curies":[{"name":"wp","href":"https:\/\/api.w.org\/{rel}","templated":true}]}}