{"id":9050,"date":"2021-04-20T10:00:20","date_gmt":"2021-04-20T10:00:20","guid":{"rendered":"https:\/\/manisescityofceramics.es\/?p=9050"},"modified":"2021-08-03T07:20:00","modified_gmt":"2021-08-03T07:20:00","slug":"jornada-dia-mundial-de-la-creatividad-y-la-innovacion-2021","status":"publish","type":"post","link":"https:\/\/manisescityofceramics.es\/ca\/jornada-dia-mundial-de-la-creatividad-y-la-innovacion-2021\/","title":{"rendered":"Jornada Dia Mundial de la Creativitat i la Innovaci\u00f3 2021"},"content":{"rendered":"<p>El dia 21 d\u2019abril se celebra el Dia de la Creativitat i la Innovaci\u00f3 en commemoraci\u00f3 del naixement de l\u2019artista internacional Leonardo da Vinci.<\/p>\n<p>Per aix\u00f2, el dimarts 20 d\u2019abril, la regidoria de Turisme i l\u2019Ajuntament de Manises vam participar en la jornada organitzada pel municipi valenci\u00e0 de Ll\u00edria, Ciutat Creativa de la M\u00fasica de la UNESCO.<\/p>\n<p>Aquesta jornada va tindre lloc en el Museu de Prehist\u00f2ria de Val\u00e8ncia, dins de l\u2019esgl\u00e9sia neobizantina que forma part del conjunt de la Benefic\u00e8ncia.<!--more--><\/p>\n<p>Amb la finalitat de crear sinergies i potenciar l\u2019agermanament entre ciutats creatives, vam participar en el debat \u00abLa dona i l\u2019art al llarg de la hist\u00f2ria\u00bb i en l\u2019activitat de clausura amb l\u2019actuaci\u00f3 de Cuerpos Sonoros, grup de <em>performance<\/em> que crea m\u00fasica mitjan\u00e7ant objectes cer\u00e0mics. Tot aix\u00f2, amb la finalitat de mostrar la candidatura en la modalitat d\u2019artesania i arts populars de Manises.<\/p>\n<p>El programa de la jornada va ser el seg\u00fcent:<\/p>\n<p>11.00 h: \u00abEl Kalathos de la dansa\u00bb, presentaci\u00f3.<\/p>\n<p>Mar\u00eda Jes\u00fas de Pedro, directora del Museu de Prehist\u00f2ria de Val\u00e8ncia.<\/p>\n<p>Manuel Civera, alcalde de Ll\u00edria.<\/p>\n<ol>\n<li>Xavier Rius, diputat de l\u2019\u00e0rea de Cultura de la Diputaci\u00f3 de Val\u00e8ncia.<\/li>\n<\/ol>\n<p>11.15 h: Origen de la m\u00fasica. \u00abEls primers instruments sonors\u00bb, pon\u00e8ncia.<\/p>\n<p>Raquel Jim\u00e9nez. Professora del departament d\u2019Hist\u00f2ria i CC de M\u00fasica de la Universitat de Valladolid. Projecte Artsoundscapes del departament d\u2019Hist\u00f2ria i Arqueologia de la Universitat de Barcelona.<\/p>\n<p>12.00 h: M\u00fasica i cer\u00e0mica. Tradici\u00f3 i innovaci\u00f3. \u00abLa dona i l\u2019art al llarg de la hist\u00f2ria\u00bb, debat.<\/p>\n<p>Elvira Asensi. Historiadora music\u00f2loga. Professora de la Universitat de Val\u00e8ncia. Ll\u00edria City of Music.<\/p>\n<p>Virginia, \u00abGuantanamera\u00bb, cantant i compositora cubana. L\u2019Havana, City of Music.<\/p>\n<p>Raquel Jim\u00e9nez, arque\u00f2loga musical. Burgos, City of Gastronomy.<\/p>\n<p>N\u00faria Arnal, artista ceramista. Candidatura de Manises, Artesania i Art Popular.<\/p>\n<p>12.45 h: Clausura.<\/p>\n<p>Daniela Gonz\u00e1lez, presidenta de la Federaci\u00f3 de Societats Musicals de la Comunitat Valenciana (FSMCV)<\/p>\n<p>13.00 h: Instruments cer\u00e0mics Cuerpos Sonoros, concert-performance. Candidatura de Manises a Ciutat Creativa.<\/p>\n","protected":false},"excerpt":{"rendered":"<p>El dia 21 d\u2019abril se celebra el Dia de la Creativitat i la Innovaci\u00f3 en commemoraci\u00f3 del naixement de l\u2019artista internacional Leonardo da Vinci. Per aix\u00f2, el dimarts 20 d\u2019abril, &hellip;<\/p>\n<p class=\"read-more\"> <a class=\"\" href=\"https:\/\/manisescityofceramics.es\/ca\/jornada-dia-mundial-de-la-creatividad-y-la-innovacion-2021\/\"> <span class=\"screen-reader-text\">Jornada Dia Mundial de la Creativitat i la Innovaci\u00f3 2021<\/span> Llegeix m\u00e9s &raquo;<\/a><\/p>\n","protected":false},"author":6,"featured_media":9047,"comment_status":"open","ping_status":"open","sticky":false,"template":"","format":"standard","meta":{"_monsterinsights_skip_tracking":false,"_monsterinsights_sitenote_active":false,"_monsterinsights_sitenote_note":"","_monsterinsights_sitenote_category":0},"categories":[36],"tags":[],"yoast_head":"<!-- This site is optimized with the Yoast SEO plugin v16.5 - https:\/\/yoast.com\/wordpress\/plugins\/seo\/ -->\r\n<title>Jornada Dia Mundial de la Creativitat i la Innovaci\u00f3 2021 - Manises<\/title>\r\n<meta name=\"description\" content=\"Manises celebra el Dia Mundial de la Creativitat i la Innovaci\u00f3 2021 participant en una jornada plena de m\u00fasica.\" \/>\r\n<meta name=\"robots\" content=\"index, follow, max-snippet:-1, max-image-preview:large, max-video-preview:-1\" \/>\r\n<link rel=\"canonical\" href=\"https:\/\/manisescityofceramics.es\/ca\/jornada-dia-mundial-de-la-creatividad-y-la-innovacion-2021\/\" \/>\r\n<meta property=\"og:locale\" content=\"ca_ES\" \/>\r\n<meta property=\"og:type\" content=\"article\" \/>\r\n<meta property=\"og:title\" content=\"Jornada Dia Mundial de la Creativitat i la Innovaci\u00f3 2021 - Manises\" \/>\r\n<meta property=\"og:description\" content=\"Manises celebra el Dia Mundial de la Creativitat i la Innovaci\u00f3 2021 participant en una jornada plena de m\u00fasica.\" \/>\r\n<meta property=\"og:url\" content=\"https:\/\/manisescityofceramics.es\/ca\/jornada-dia-mundial-de-la-creatividad-y-la-innovacion-2021\/\" \/>\r\n<meta property=\"og:site_name\" content=\"Manises\" \/>\r\n<meta property=\"article:published_time\" content=\"2021-04-20T10:00:20+00:00\" \/>\r\n<meta property=\"article:modified_time\" content=\"2021-08-03T07:20:00+00:00\" \/>\r\n<meta property=\"og:image\" content=\"https:\/\/manisescityofceramics.es\/wp-content\/uploads\/2021\/07\/175586181_1868762153292497_5423758227990824062_n-1536x1152-1.jpg\" \/>\r\n\t<meta property=\"og:image:width\" content=\"1536\" \/>\r\n\t<meta property=\"og:image:height\" content=\"1152\" \/>\r\n<meta name=\"twitter:card\" content=\"summary_large_image\" \/>\r\n<meta name=\"twitter:label1\" content=\"Temps estimat de lectura\" \/>\n\t<meta name=\"twitter:data1\" content=\"2 minuts\" \/>\r\n<script type=\"application\/ld+json\" class=\"yoast-schema-graph\">{\"@context\":\"https:\/\/schema.org\",\"@graph\":[{\"@type\":\"WebSite\",\"@id\":\"https:\/\/manisescityofceramics.es\/#website\",\"url\":\"https:\/\/manisescityofceramics.es\/\",\"name\":\"Manises\",\"description\":\"\",\"potentialAction\":[{\"@type\":\"SearchAction\",\"target\":\"https:\/\/manisescityofceramics.es\/?s={search_term_string}\",\"query-input\":\"required name=search_term_string\"}],\"inLanguage\":\"ca\"},{\"@type\":\"ImageObject\",\"@id\":\"https:\/\/manisescityofceramics.es\/ca\/jornada-dia-mundial-de-la-creatividad-y-la-innovacion-2021\/#primaryimage\",\"inLanguage\":\"ca\",\"url\":\"https:\/\/manisescityofceramics.es\/wp-content\/uploads\/2021\/07\/175586181_1868762153292497_5423758227990824062_n-1536x1152-1.jpg\",\"contentUrl\":\"https:\/\/manisescityofceramics.es\/wp-content\/uploads\/2021\/07\/175586181_1868762153292497_5423758227990824062_n-1536x1152-1.jpg\",\"width\":1536,\"height\":1152},{\"@type\":\"WebPage\",\"@id\":\"https:\/\/manisescityofceramics.es\/ca\/jornada-dia-mundial-de-la-creatividad-y-la-innovacion-2021\/#webpage\",\"url\":\"https:\/\/manisescityofceramics.es\/ca\/jornada-dia-mundial-de-la-creatividad-y-la-innovacion-2021\/\",\"name\":\"Jornada Dia Mundial de la Creativitat i la Innovaci\\u00f3 2021 - Manises\",\"isPartOf\":{\"@id\":\"https:\/\/manisescityofceramics.es\/#website\"},\"primaryImageOfPage\":{\"@id\":\"https:\/\/manisescityofceramics.es\/ca\/jornada-dia-mundial-de-la-creatividad-y-la-innovacion-2021\/#primaryimage\"},\"datePublished\":\"2021-04-20T10:00:20+00:00\",\"dateModified\":\"2021-08-03T07:20:00+00:00\",\"author\":{\"@id\":\"https:\/\/manisescityofceramics.es\/#\/schema\/person\/51b69ecca7eed93d1f12029ff897028a\"},\"description\":\"Manises celebra el Dia Mundial de la Creativitat i la Innovaci\\u00f3 2021 participant en una jornada plena de m\\u00fasica.\",\"breadcrumb\":{\"@id\":\"https:\/\/manisescityofceramics.es\/ca\/jornada-dia-mundial-de-la-creatividad-y-la-innovacion-2021\/#breadcrumb\"},\"inLanguage\":\"ca\",\"potentialAction\":[{\"@type\":\"ReadAction\",\"target\":[\"https:\/\/manisescityofceramics.es\/ca\/jornada-dia-mundial-de-la-creatividad-y-la-innovacion-2021\/\"]}]},{\"@type\":\"BreadcrumbList\",\"@id\":\"https:\/\/manisescityofceramics.es\/ca\/jornada-dia-mundial-de-la-creatividad-y-la-innovacion-2021\/#breadcrumb\",\"itemListElement\":[{\"@type\":\"ListItem\",\"position\":1,\"name\":\"Inicio\",\"item\":\"https:\/\/manisescityofceramics.es\/ca\/\"},{\"@type\":\"ListItem\",\"position\":2,\"name\":\"Jornada Dia Mundial de la Creativitat i la Innovaci\\u00f3 2021\"}]},{\"@type\":\"Person\",\"@id\":\"https:\/\/manisescityofceramics.es\/#\/schema\/person\/51b69ecca7eed93d1f12029ff897028a\",\"name\":\"David Prieto Checa\",\"image\":{\"@type\":\"ImageObject\",\"@id\":\"https:\/\/manisescityofceramics.es\/#personlogo\",\"inLanguage\":\"ca\",\"url\":\"https:\/\/secure.gravatar.com\/avatar\/f11af934216760ee531178a240a47bc0?s=96&d=mm&r=g\",\"contentUrl\":\"https:\/\/secure.gravatar.com\/avatar\/f11af934216760ee531178a240a47bc0?s=96&d=mm&r=g\",\"caption\":\"David Prieto Checa\"}}]}<\/script>\r\n<!-- \/ Yoast SEO plugin. -->","_links":{"self":[{"href":"https:\/\/manisescityofceramics.es\/ca\/wp-json\/wp\/v2\/posts\/9050"}],"collection":[{"href":"https:\/\/manisescityofceramics.es\/ca\/wp-json\/wp\/v2\/posts"}],"about":[{"href":"https:\/\/manisescityofceramics.es\/ca\/wp-json\/wp\/v2\/types\/post"}],"author":[{"embeddable":true,"href":"https:\/\/manisescityofceramics.es\/ca\/wp-json\/wp\/v2\/users\/6"}],"replies":[{"embeddable":true,"href":"https:\/\/manisescityofceramics.es\/ca\/wp-json\/wp\/v2\/comments?post=9050"}],"version-history":[{"count":3,"href":"https:\/\/manisescityofceramics.es\/ca\/wp-json\/wp\/v2\/posts\/9050\/revisions"}],"predecessor-version":[{"id":9158,"href":"https:\/\/manisescityofceramics.es\/ca\/wp-json\/wp\/v2\/posts\/9050\/revisions\/9158"}],"wp:featuredmedia":[{"embeddable":true,"href":"https:\/\/manisescityofceramics.es\/ca\/wp-json\/wp\/v2\/media\/9047"}],"wp:attachment":[{"href":"https:\/\/manisescityofceramics.es\/ca\/wp-json\/wp\/v2\/media?parent=9050"}],"wp:term":[{"taxonomy":"category","embeddable":true,"href":"https:\/\/manisescityofceramics.es\/ca\/wp-json\/wp\/v2\/categories?post=9050"},{"taxonomy":"post_tag","embeddable":true,"href":"https:\/\/manisescityofceramics.es\/ca\/wp-json\/wp\/v2\/tags?post=9050"}],"curies":[{"name":"wp","href":"https:\/\/api.w.org\/{rel}","templated":true}]}}