{"id":10692,"date":"2023-07-12T15:16:48","date_gmt":"2023-07-12T15:16:48","guid":{"rendered":"https:\/\/manisescityofceramics.es\/?p=10692"},"modified":"2023-07-12T15:16:48","modified_gmt":"2023-07-12T15:16:48","slug":"torna-la-festa-i-cavalcada-de-la-ceramica-de-manises","status":"publish","type":"post","link":"https:\/\/manisescityofceramics.es\/ca\/torna-la-festa-i-cavalcada-de-la-ceramica-de-manises\/","title":{"rendered":"TORNA LA FESTA I CAVALCADA DE LA CER\u00c0MICA DE MANISES"},"content":{"rendered":"<p><span style=\"font-weight: 400;\">Manises torna a celebrar les seues festes, dins les quals destaquen la Festa de la Cer\u00e0mica els dies 15 i 16 de juliol i la Cavalcada de la Cer\u00e0mica el dia 18 de juliol.<\/span><\/p>\n<p><span style=\"font-weight: 400;\">Dins del marc d&#8217;activitats que se celebraran a les festes, es troben els seg\u00fcents\u00a0esdeveniments:<\/span><\/p>\n<p><b>EXPOSICI\u00d3 D<\/b><span style=\"font-weight: 400;\">\u2019<\/span><b>ARTESANS\u00a0<\/b><\/p>\n<p><span style=\"font-weight: 400;\">Mostra de cer\u00e0mica artesanal realitzada pels artesans principals de la Festa de la Cer\u00e0mica on es podran contemplar\u00a0treballs\u00a0realitzats amb diferents t\u00e8cniques i estils que van des de les reproduccions del segle XVIII\u00a0fins cer\u00e0mica\u00a0d\u2019autor.<\/span><\/p>\n<p>&nbsp;<\/p>\n<p><span style=\"font-weight: 400;\">Data: del 13 de juliol fins el 31 d<\/span><span style=\"font-weight: 400;\">\u2019<\/span><span style=\"font-weight: 400;\">agost.<\/span><\/p>\n<p><span style=\"font-weight: 400;\">Horaris: de dilluns a divendres de 9.00 fins les 13.00 hores.<\/span><\/p>\n<p><span style=\"font-weight: 400;\">Inauguraci\u00f3: dijous 13 de juliol a les 18:00 hores.<\/span><\/p>\n<p><span style=\"font-weight: 400;\">Ubicaci\u00f3: sala d<\/span><span style=\"font-weight: 400;\">\u2019<\/span><span style=\"font-weight: 400;\">exposicions MUMAF &#8211; Edifici <\/span><i><span style=\"font-weight: 400;\">El Arte. <\/span><\/i><span style=\"font-weight: 400;\">(Avgda. dels Tramvies, 15).<\/span><\/p>\n<p>&nbsp;<\/p>\n<p><b>HOMENATGE ARTES\u00c0<\/b><\/p>\n<p><span style=\"font-weight: 400;\">Enguany, l&#8217;artesana homenatjada \u00e9s\u00a0Antonia\u00a0Balastegui\u00a0Reca. Pintora autodidacta que ha desenvolupat la seua carrera a la f\u00e0brica La Cer\u00e0mica Valenciana de Jos\u00e9\u00a0Gimeno.<\/span><\/p>\n<p><span style=\"font-weight: 400;\">A l&#8217;acte es projectar\u00e0 un v\u00eddeo que resumeix la vida de la guardonada i el qual enalteix les seues principals caracter\u00edstiques: la seua qualitat humana, la seua traject\u00f2ria i el seu bon fer.<\/span><\/p>\n<p><span style=\"font-weight: 400;\">Data: dijous 13 de juliol.<\/span><\/p>\n<p><span style=\"font-weight: 400;\">Horari: 19:00 hores.<\/span><\/p>\n<p><span style=\"font-weight: 400;\">Ubicaci\u00f3: Auditori Germanies (C\/ Lorca, 6).<\/span><\/p>\n<p>&nbsp;<\/p>\n<p><b>FESTA DE LA CER\u00c0MICA<\/b><\/p>\n<p><span style=\"font-weight: 400;\">Els dies 15 i 16 de juliol la ciutat de Manises tornar\u00e0 a mostrar a tots els visitants el proc\u00e9s d<\/span><span style=\"font-weight: 400;\">\u2019<\/span><span style=\"font-weight: 400;\">elaboraci\u00f3 de l<\/span><span style=\"font-weight: 400;\">\u2019<\/span><span style=\"font-weight: 400;\">artesania cer\u00e0mica.<\/span><\/p>\n<p><span style=\"font-weight: 400;\">Els artesans abandonen els tallers durant dos dies i ixen al carrer per mostrar-nos el seu art. Es podran contemplar tota classe de t\u00e8cniques i procediments que converteixen argila en un objecte artes\u00e0.<\/span><\/p>\n<p><span style=\"font-weight: 400;\">Tots els assistents podran posar en pr\u00e0ctica all\u00f2 que han vist i fins i tot\u00a0emportar-se a casa una creaci\u00f3 pr\u00f2pia. El visitant podr\u00e0 gaudir de diferents activitats i tallers did\u00e0ctics com el de\u00a0raku, flors\u00a0cer\u00e0miques, v\u00edmet cer\u00e0mic, etc.<\/span><\/p>\n<p><span style=\"font-weight: 400;\">Les\u00a0activitats\u00a0es trobaran guiades per diversos experts i, a m\u00e9s, tamb\u00e9 participar\u00e0 el\u00a0centre\u00a0ocupacional Francisco Navarro i les associacions: Clavaria Santes Justa i Fina, Cer\u00e0mica dels Papers, Amics de l&#8217;MCM i, per descomptat, l&#8217;Associaci\u00f3 Valenciana de Cer\u00e0mica\u00a0AVEC-Gremi.<\/span><\/p>\n<p><span style=\"font-weight: 400;\">Tanmateix, per a celebrar que \u00e9s el nostre segon any com a Ciutat Creativa de la UNESCO,\u00a0comptarem\u00a0amb participants nacionals i\u00a0internacionals\u00a0d&#8217;altres ciutats creatives del m\u00f3n.<\/span><\/p>\n<p><span style=\"font-weight: 400;\">A la llarga\u00a0d&#8217;aquestos\u00a0dos dies\u00a0comptarem\u00a0amb actuacions musicals per ambientar i amenitzar la festa.<\/span><\/p>\n<p>&nbsp;<\/p>\n<p><span style=\"font-weight: 400;\">Data: dissabte 15 i diumente 16 de juliol.<\/span><\/p>\n<p><span style=\"font-weight: 400;\">Horari: de 18:00 fins les 22:00 hores.<\/span><\/p>\n<p><span style=\"font-weight: 400;\">Ubicaci\u00f3: Avinguda Balsco Ib\u00e1\u00f1ez, Manises.<\/span><\/p>\n<p>&nbsp;<\/p>\n<p><img loading=\"lazy\" class=\"aligncenter wp-image-10685 size-full\" src=\"https:\/\/manisescityofceramics.es\/wp-content\/uploads\/2023\/07\/Festa-de-la-Ceramica_post.jpg\" alt=\"\" width=\"1080\" height=\"1350\" srcset=\"https:\/\/manisescityofceramics.es\/wp-content\/uploads\/2023\/07\/Festa-de-la-Ceramica_post.jpg 1080w, https:\/\/manisescityofceramics.es\/wp-content\/uploads\/2023\/07\/Festa-de-la-Ceramica_post-240x300.jpg 240w, https:\/\/manisescityofceramics.es\/wp-content\/uploads\/2023\/07\/Festa-de-la-Ceramica_post-819x1024.jpg 819w, https:\/\/manisescityofceramics.es\/wp-content\/uploads\/2023\/07\/Festa-de-la-Ceramica_post-768x960.jpg 768w\" sizes=\"(max-width: 1080px) 100vw, 1080px\" \/><\/p>\n<p><b>X CONCURS D<\/b><span style=\"font-weight: 400;\">\u2019<\/span><b>ALLIOLI FESTA DE LA CER\u00c0MICA<\/b><\/p>\n<p><span style=\"font-weight: 400;\">El popular Concurs d&#8217;Allioli Festa de la Cer\u00e0mica arriba a la seua X edici\u00f3 amb m\u00e9s expectaci\u00f3 que mai.<\/span><\/p>\n<p>&nbsp;<\/p>\n<p><span style=\"font-weight: 400;\">Participaci\u00f3 limitada fins 60 participants.<\/span><\/p>\n<p><span style=\"font-weight: 400;\">Informaci\u00f3 i inscripcions en: <\/span><a href=\"http:\/\/www.manisesturismo.es\"><span style=\"font-weight: 400;\">www.manisesturismo.es<\/span><\/a><span style=\"font-weight: 400;\"> i oficina de Turisme de Manises.<\/span><\/p>\n<p><span style=\"font-weight: 400;\">Data: dissabte, 15 de juliol.<\/span><\/p>\n<p><span style=\"font-weight: 400;\">Horaris: 20:00 hores.<\/span><\/p>\n<p><span style=\"font-weight: 400;\">Ubicaci\u00f3: Avinguda Blasco Ib\u00e1\u00f1ez, Manises.<\/span><\/p>\n<p>&nbsp;<\/p>\n<p><b>CONCURSO DE TORN<\/b><\/p>\n<p><span style=\"font-weight: 400;\">Diumenge, durant la celebraci\u00f3 de la Festa de la Cer\u00e0mica, tindr\u00e0 lloc un concurs de torna amb participaci\u00f3 oberta i on hi haur\u00e0 dues categories: amateur i professional, i podran participar fins a 10 concursants per categoria.<\/span><\/p>\n<p>&nbsp;<\/p>\n<p><span style=\"font-weight: 400;\">Informaci\u00f3 i inscripcions en: www.manisesturismo.es i oficina de Turisme de Manises.<\/span><\/p>\n<p><span style=\"font-weight: 400;\">Data: diumenge, 16 de juliol.<\/span><\/p>\n<p>&nbsp;<\/p>\n<p><b>SORTEIG DE INSTAGRAM #FestaCeramica23<\/b><\/p>\n<p><span style=\"font-weight: 400;\">Concurs al qual, mitjan\u00e7ant la fotografia i la xarxa social Instagram es volen aconseguir les millors imatges de les nostres festes.<\/span><\/p>\n<p>&nbsp;<\/p>\n<p><span style=\"font-weight: 400;\">Condiciones per participar i premis en: instagram.com\/visitamanises.<\/span><\/p>\n<p>&nbsp;<\/p>\n<p><b>CAVALCADA DE LA CER\u00c0MICA<\/b><\/p>\n<p><span style=\"font-weight: 400;\">A la vesprada del 18 de juliol, la Clavaria de les Santes Justa i Rufina, patrones dels ceramistes i de la ciutat, ofereix\u00a0uns espectacles\u00a0\u00fanic al m\u00f3n. Damunt les\u00a0carrosses\u00a0desfilen per la ciutat obsequiant a tots els assistents amb peces de l&#8217;artesania local manisera.<\/span><\/p>\n<p>&nbsp;<\/p>\n<p><span style=\"font-weight: 400;\">Data: dimarts, 18 de juliol.<\/span><\/p>\n<p><span style=\"font-weight: 400;\">Horari: 19.00 hores.<\/span><\/p>\n<p><span style=\"font-weight: 400;\">Recorregut: Pla\u00e7a de la Lleya \u2013 C\/ Mol\u00ed de la Llum \u2013 C\/ Mas\u00eda de la Cova \u2013 C\/ Major \u2013 Avinguda Blasco Iba\u00f1ez.\u00a0<\/span><\/p>\n","protected":false},"excerpt":{"rendered":"<p>Manises torna a celebrar les seues festes, dins les quals destaquen la Festa de la Cer\u00e0mica els dies 15 i 16 de juliol i la Cavalcada de la Cer\u00e0mica el &hellip;<\/p>\n<p class=\"read-more\"> <a class=\"\" href=\"https:\/\/manisescityofceramics.es\/ca\/torna-la-festa-i-cavalcada-de-la-ceramica-de-manises\/\"> <span class=\"screen-reader-text\">TORNA LA FESTA I CAVALCADA DE LA CER\u00c0MICA DE MANISES<\/span> Llegeix m\u00e9s &raquo;<\/a><\/p>\n","protected":false},"author":6,"featured_media":10689,"comment_status":"open","ping_status":"open","sticky":false,"template":"","format":"standard","meta":{"_monsterinsights_skip_tracking":false,"_monsterinsights_sitenote_active":false,"_monsterinsights_sitenote_note":"","_monsterinsights_sitenote_category":0},"categories":[36,13],"tags":[],"yoast_head":"<!-- This site is optimized with the Yoast SEO plugin v16.5 - https:\/\/yoast.com\/wordpress\/plugins\/seo\/ -->\r\n<title>TORNA LA FESTA I CAVALCADA DE LA CER\u00c0MICA DE MANISES - Manises<\/title>\r\n<meta name=\"robots\" content=\"index, follow, max-snippet:-1, max-image-preview:large, max-video-preview:-1\" \/>\r\n<link rel=\"canonical\" href=\"https:\/\/manisescityofceramics.es\/ca\/torna-la-festa-i-cavalcada-de-la-ceramica-de-manises\/\" \/>\r\n<meta property=\"og:locale\" content=\"ca_ES\" \/>\r\n<meta property=\"og:type\" content=\"article\" \/>\r\n<meta property=\"og:title\" content=\"TORNA LA FESTA I CAVALCADA DE LA CER\u00c0MICA DE MANISES - Manises\" \/>\r\n<meta property=\"og:description\" content=\"Manises torna a celebrar les seues festes, dins les quals destaquen la Festa de la Cer\u00e0mica els dies 15 i 16 de juliol i la Cavalcada de la Cer\u00e0mica el &hellip; TORNA LA FESTA I CAVALCADA DE LA CER\u00c0MICA DE MANISES Llegeix m\u00e9s &raquo;\" \/>\r\n<meta property=\"og:url\" content=\"https:\/\/manisescityofceramics.es\/ca\/torna-la-festa-i-cavalcada-de-la-ceramica-de-manises\/\" \/>\r\n<meta property=\"og:site_name\" content=\"Manises\" \/>\r\n<meta property=\"article:published_time\" content=\"2023-07-12T15:16:48+00:00\" \/>\r\n<meta property=\"og:image\" content=\"https:\/\/manisescityofceramics.es\/wp-content\/uploads\/2023\/07\/Festa-de-la-Ceramica_post-2.jpg\" \/>\r\n\t<meta property=\"og:image:width\" content=\"1080\" \/>\r\n\t<meta property=\"og:image:height\" content=\"678\" \/>\r\n<meta name=\"twitter:card\" content=\"summary_large_image\" \/>\r\n<meta name=\"twitter:label1\" content=\"Temps estimat de lectura\" \/>\n\t<meta name=\"twitter:data1\" content=\"3 minuts\" \/>\r\n<script type=\"application\/ld+json\" class=\"yoast-schema-graph\">{\"@context\":\"https:\/\/schema.org\",\"@graph\":[{\"@type\":\"WebSite\",\"@id\":\"https:\/\/manisescityofceramics.es\/#website\",\"url\":\"https:\/\/manisescityofceramics.es\/\",\"name\":\"Manises\",\"description\":\"\",\"potentialAction\":[{\"@type\":\"SearchAction\",\"target\":\"https:\/\/manisescityofceramics.es\/?s={search_term_string}\",\"query-input\":\"required name=search_term_string\"}],\"inLanguage\":\"ca\"},{\"@type\":\"ImageObject\",\"@id\":\"https:\/\/manisescityofceramics.es\/ca\/torna-la-festa-i-cavalcada-de-la-ceramica-de-manises\/#primaryimage\",\"inLanguage\":\"ca\",\"url\":\"https:\/\/manisescityofceramics.es\/wp-content\/uploads\/2023\/07\/Festa-de-la-Ceramica_post-2.jpg\",\"contentUrl\":\"https:\/\/manisescityofceramics.es\/wp-content\/uploads\/2023\/07\/Festa-de-la-Ceramica_post-2.jpg\",\"width\":1080,\"height\":678},{\"@type\":\"WebPage\",\"@id\":\"https:\/\/manisescityofceramics.es\/ca\/torna-la-festa-i-cavalcada-de-la-ceramica-de-manises\/#webpage\",\"url\":\"https:\/\/manisescityofceramics.es\/ca\/torna-la-festa-i-cavalcada-de-la-ceramica-de-manises\/\",\"name\":\"TORNA LA FESTA I CAVALCADA DE LA CER\\u00c0MICA DE MANISES - Manises\",\"isPartOf\":{\"@id\":\"https:\/\/manisescityofceramics.es\/#website\"},\"primaryImageOfPage\":{\"@id\":\"https:\/\/manisescityofceramics.es\/ca\/torna-la-festa-i-cavalcada-de-la-ceramica-de-manises\/#primaryimage\"},\"datePublished\":\"2023-07-12T15:16:48+00:00\",\"dateModified\":\"2023-07-12T15:16:48+00:00\",\"author\":{\"@id\":\"https:\/\/manisescityofceramics.es\/#\/schema\/person\/51b69ecca7eed93d1f12029ff897028a\"},\"breadcrumb\":{\"@id\":\"https:\/\/manisescityofceramics.es\/ca\/torna-la-festa-i-cavalcada-de-la-ceramica-de-manises\/#breadcrumb\"},\"inLanguage\":\"ca\",\"potentialAction\":[{\"@type\":\"ReadAction\",\"target\":[\"https:\/\/manisescityofceramics.es\/ca\/torna-la-festa-i-cavalcada-de-la-ceramica-de-manises\/\"]}]},{\"@type\":\"BreadcrumbList\",\"@id\":\"https:\/\/manisescityofceramics.es\/ca\/torna-la-festa-i-cavalcada-de-la-ceramica-de-manises\/#breadcrumb\",\"itemListElement\":[{\"@type\":\"ListItem\",\"position\":1,\"name\":\"Inicio\",\"item\":\"https:\/\/manisescityofceramics.es\/ca\/\"},{\"@type\":\"ListItem\",\"position\":2,\"name\":\"TORNA LA FESTA I CAVALCADA DE LA CER\\u00c0MICA DE MANISES\"}]},{\"@type\":\"Person\",\"@id\":\"https:\/\/manisescityofceramics.es\/#\/schema\/person\/51b69ecca7eed93d1f12029ff897028a\",\"name\":\"David Prieto Checa\",\"image\":{\"@type\":\"ImageObject\",\"@id\":\"https:\/\/manisescityofceramics.es\/#personlogo\",\"inLanguage\":\"ca\",\"url\":\"https:\/\/secure.gravatar.com\/avatar\/f11af934216760ee531178a240a47bc0?s=96&d=mm&r=g\",\"contentUrl\":\"https:\/\/secure.gravatar.com\/avatar\/f11af934216760ee531178a240a47bc0?s=96&d=mm&r=g\",\"caption\":\"David Prieto Checa\"}}]}<\/script>\r\n<!-- \/ Yoast SEO plugin. -->","_links":{"self":[{"href":"https:\/\/manisescityofceramics.es\/ca\/wp-json\/wp\/v2\/posts\/10692"}],"collection":[{"href":"https:\/\/manisescityofceramics.es\/ca\/wp-json\/wp\/v2\/posts"}],"about":[{"href":"https:\/\/manisescityofceramics.es\/ca\/wp-json\/wp\/v2\/types\/post"}],"author":[{"embeddable":true,"href":"https:\/\/manisescityofceramics.es\/ca\/wp-json\/wp\/v2\/users\/6"}],"replies":[{"embeddable":true,"href":"https:\/\/manisescityofceramics.es\/ca\/wp-json\/wp\/v2\/comments?post=10692"}],"version-history":[{"count":1,"href":"https:\/\/manisescityofceramics.es\/ca\/wp-json\/wp\/v2\/posts\/10692\/revisions"}],"predecessor-version":[{"id":10693,"href":"https:\/\/manisescityofceramics.es\/ca\/wp-json\/wp\/v2\/posts\/10692\/revisions\/10693"}],"wp:featuredmedia":[{"embeddable":true,"href":"https:\/\/manisescityofceramics.es\/ca\/wp-json\/wp\/v2\/media\/10689"}],"wp:attachment":[{"href":"https:\/\/manisescityofceramics.es\/ca\/wp-json\/wp\/v2\/media?parent=10692"}],"wp:term":[{"taxonomy":"category","embeddable":true,"href":"https:\/\/manisescityofceramics.es\/ca\/wp-json\/wp\/v2\/categories?post=10692"},{"taxonomy":"post_tag","embeddable":true,"href":"https:\/\/manisescityofceramics.es\/ca\/wp-json\/wp\/v2\/tags?post=10692"}],"curies":[{"name":"wp","href":"https:\/\/api.w.org\/{rel}","templated":true}]}}