{"id":10291,"date":"2023-03-27T12:34:14","date_gmt":"2023-03-27T12:34:14","guid":{"rendered":"https:\/\/manisescityofceramics.es\/?p=10291"},"modified":"2023-03-28T10:08:17","modified_gmt":"2023-03-28T10:08:17","slug":"esdeveniments-manises-abril","status":"publish","type":"post","link":"https:\/\/manisescityofceramics.es\/ca\/esdeveniments-manises-abril\/","title":{"rendered":"Manises participar\u00e0 en Dies Europeus de l&#8217;Artesania, Hola Cer\u00e0mica! i Fira de les Comarques"},"content":{"rendered":"<p>Durant aquesta setmana serem presents en diferents jornades de gran rellev\u00e0ncia en el sector cer\u00e0mic. Del 27 de mar\u00e7 al 2 d&#8217;abril serem presents en Dies Europeus de l&#8217;Artesania, el 31 de mar\u00e7, 1 i 2 d&#8217;abril en Fira de les Comarques i \u2018\u00a1Hola Cer\u00e0mica!\u2019<\/p>\n<p>Un any despr\u00e9s de ser nomenats Ciutat Creativa de la UNESCO en la modalitat d&#8217;Artesania i Arts Populars, continuem apostant per una participaci\u00f3 activa en esdeveniments que promouen i fomenten la cer\u00e0mica artesanal.<\/p>\n<p>Segons paraules del nostre regidor de Promoci\u00f3 de la Cer\u00e0mica, Xavier Morant &#8220;des de Manises apostem sempre per enaltir la nostra tradici\u00f3 m\u00e9s arrelada i revitalitzar el sector cer\u00e0mic, per tot aix\u00f2 ens unim a les diferents campanyes en l&#8217;\u00e0mbit europeu que tindran lloc durant els pr\u00f2xims dies&#8221;. Per part seua, el regidor de Turisme de l&#8217;Ajuntament de Manises, \u00c0ngel Mora, ha remarcat que &#8220;Fira de les Comarques \u00e9s un aparador perfecte per a mostrar al m\u00f3n els nostres recursos tur\u00edstics i com no, la nostra cer\u00e0mica\u201d.<\/p>\n<p><strong>Esdeveniments<\/strong><\/p>\n<p><strong>Dies Europeus de la Artesan\u00eda i \u00a1Hola Cer\u00e0mica!<\/strong><\/p>\n<p>Del 27 de mar\u00e7 al 2 d&#8217;abril, serem presents en els Dies Europeus de l&#8217;Artesania, una oportunitat per a observar la diversitat de la creaci\u00f3 artesana a Espanya.<\/p>\n<p>D&#8217;altra banda, els dies 1 i 2 d&#8217;abril tindr\u00e0 lloc \u2018\u00a1Hola Cer\u00e0mica!\u2019. Una activitat de dinamitzaci\u00f3 de la cer\u00e0mica que pret\u00e9n donar a con\u00e9ixer a un p\u00fablic m\u00e9s ampli la cer\u00e0mica a trav\u00e9s de diverses jornades de visites tant a l&#8217;Associaci\u00f3 Valenciana de Cer\u00e0mica com al nostre Museu de Cer\u00e0mica. L&#8217;activitat est\u00e0 promoguda per l&#8217;Associaci\u00f3 Espanyola de Ciutats de la Cer\u00e0mica (AeCC). Altres pa\u00efsos amb associacions nacionals de ciutats de la Cer\u00e0mica com It\u00e0lia i Portugal coincideixen en la celebraci\u00f3 d&#8217;aquests esdeveniments.<\/p>\n<p>Amb motiu dels Dies Europeus i de &#8216;\u00a1Hola Cer\u00e0mica!&#8217;, hem organitzat activitats gratu\u00eftes amb l&#8217;objectiu d&#8217;acostar a visitants i interessats de totes les edats a l&#8217;esfera de la creaci\u00f3 artesanal.<\/p>\n<p><img loading=\"lazy\" class=\"alignnone size-medium wp-image-10283\" src=\"https:\/\/manisescityofceramics.es\/wp-content\/uploads\/2023\/03\/Taller-Avec_2-225x300.jpeg\" alt=\"\" width=\"225\" height=\"300\" srcset=\"https:\/\/manisescityofceramics.es\/wp-content\/uploads\/2023\/03\/Taller-Avec_2-225x300.jpeg 225w, https:\/\/manisescityofceramics.es\/wp-content\/uploads\/2023\/03\/Taller-Avec_2-768x1024.jpeg 768w, https:\/\/manisescityofceramics.es\/wp-content\/uploads\/2023\/03\/Taller-Avec_2-1152x1536.jpeg 1152w, https:\/\/manisescityofceramics.es\/wp-content\/uploads\/2023\/03\/Taller-Avec_2.jpeg 1536w\" sizes=\"(max-width: 225px) 100vw, 225px\" \/><\/p>\n<p>El 27 de mar\u00e7 l&#8217;Associaci\u00f3 Valenciana de Cer\u00e0mica AVEC &#8211; Gremi, realitzar\u00e0 a les 10.30 hores un taller de decoraci\u00f3 de taulell amb la t\u00e8cnica del socarrat, i a les 12.00 hores una visita al taller, exposici\u00f3 i botiga.<\/p>\n<p><img loading=\"lazy\" class=\"alignnone size-medium wp-image-10286\" src=\"https:\/\/manisescityofceramics.es\/wp-content\/uploads\/2023\/03\/Taller-Avec-300x225.jpeg\" alt=\"\" width=\"300\" height=\"225\" srcset=\"https:\/\/manisescityofceramics.es\/wp-content\/uploads\/2023\/03\/Taller-Avec-300x225.jpeg 300w, https:\/\/manisescityofceramics.es\/wp-content\/uploads\/2023\/03\/Taller-Avec-1024x768.jpeg 1024w, https:\/\/manisescityofceramics.es\/wp-content\/uploads\/2023\/03\/Taller-Avec-768x576.jpeg 768w, https:\/\/manisescityofceramics.es\/wp-content\/uploads\/2023\/03\/Taller-Avec-1536x1152.jpeg 1536w, https:\/\/manisescityofceramics.es\/wp-content\/uploads\/2023\/03\/Taller-Avec.jpeg 2048w\" sizes=\"(max-width: 300px) 100vw, 300px\" \/><\/p>\n<p>Aix\u00ed mateix, els dies 31 de mar\u00e7 i 1 d&#8217;abril, el Museu de Cer\u00e0mica de Manises realitzar\u00e0 un recorregut guiat gratu\u00eft a les 10:30h. Per a assistir s&#8217;haur\u00e0 de confirmar assist\u00e8ncia en turismo@manises.es.<\/p>\n<p>Amb motiu de la celebraci\u00f3 dels Dies Europeus de l&#8217;Artesania i Hola Cer\u00e0mica!, des de les xarxes socials de Manises City of Ceramics s&#8217;ha llan\u00e7at un sorteig en el qual els premiats guanyaren un taller cer\u00e0mic a Aliar-te Cer\u00e0mica i un pack de peces cer\u00e0miques artesanals. Un sorteig que estar\u00e0 actiu per a la seua participaci\u00f3 fins al dilluns 3 d\u2019abril.<\/p>\n<p><strong>Fira de les Comarques <\/strong><\/p>\n<p>Els dies 31 de mar\u00e7, 1 i 2 el nostre Ajuntament participar\u00e0 en la Fira de les Comarques, que organitza la Diputaci\u00f3 de Val\u00e8ncia en la Pla\u00e7a de Bous de la ciutat del T\u00faria. L&#8217;objectiu de la nostra participaci\u00f3 \u00e9s la promoci\u00f3 de la nostra ciutat, de la nostra hist\u00f2ria, patrimoni i tradici\u00f3 cer\u00e0mica.<\/p>\n<p>Es tracta d&#8217;una de les fires tur\u00edstiques m\u00e9s importants de la Comunitat Valenciana, on ser\u00e0 present tota l&#8217;oferta tur\u00edstica de les comarques i municipis de la prov\u00edncia de Val\u00e8ncia. L&#8217;objectiu de la fira \u00e9s promocionar els productes tur\u00edstics dels municipis de l&#8217;interior de la prov\u00edncia de Val\u00e8ncia.<\/p>\n","protected":false},"excerpt":{"rendered":"<p>Durant aquesta setmana serem presents en diferents jornades de gran rellev\u00e0ncia en el sector cer\u00e0mic. Del 27 de mar\u00e7 al 2 d&#8217;abril serem presents en Dies Europeus de l&#8217;Artesania, el &hellip;<\/p>\n<p class=\"read-more\"> <a class=\"\" href=\"https:\/\/manisescityofceramics.es\/ca\/esdeveniments-manises-abril\/\"> <span class=\"screen-reader-text\">Manises participar\u00e0 en Dies Europeus de l&#8217;Artesania, Hola Cer\u00e0mica! i Fira de les Comarques<\/span> Llegeix m\u00e9s &raquo;<\/a><\/p>\n","protected":false},"author":6,"featured_media":10294,"comment_status":"open","ping_status":"open","sticky":false,"template":"","format":"standard","meta":{"_monsterinsights_skip_tracking":false,"_monsterinsights_sitenote_active":false,"_monsterinsights_sitenote_note":"","_monsterinsights_sitenote_category":0},"categories":[38,36],"tags":[],"yoast_head":"<!-- This site is optimized with the Yoast SEO plugin v16.5 - https:\/\/yoast.com\/wordpress\/plugins\/seo\/ -->\r\n<title>Manises participar\u00e0 en Dies Europeus de l&#039;Artesania, Hola Cer\u00e0mica! i Fira de les Comarques - Manises<\/title>\r\n<meta name=\"description\" content=\"Durant aquesta setmana serem presents en diferents jornades de gran rellev\u00e0ncia en el sector cer\u00e0mic. Del 27 de mar\u00e7 al 2 d&#039;abril serem presents en Dies Europeus de l&#039;Artesania, el 31 de mar\u00e7, 1 i 2 d&#039;abril en Fira de les Comarques i \u2018\u00a1Hola Cer\u00e0mica!\u2019\" \/>\r\n<meta name=\"robots\" content=\"index, follow, max-snippet:-1, max-image-preview:large, max-video-preview:-1\" \/>\r\n<link rel=\"canonical\" href=\"https:\/\/manisescityofceramics.es\/ca\/esdeveniments-manises-abril\/\" \/>\r\n<meta property=\"og:locale\" content=\"ca_ES\" \/>\r\n<meta property=\"og:type\" content=\"article\" \/>\r\n<meta property=\"og:title\" content=\"Manises participar\u00e0 en Dies Europeus de l&#039;Artesania, Hola Cer\u00e0mica! i Fira de les Comarques - Manises\" \/>\r\n<meta property=\"og:description\" content=\"Durant aquesta setmana serem presents en diferents jornades de gran rellev\u00e0ncia en el sector cer\u00e0mic. Del 27 de mar\u00e7 al 2 d&#039;abril serem presents en Dies Europeus de l&#039;Artesania, el 31 de mar\u00e7, 1 i 2 d&#039;abril en Fira de les Comarques i \u2018\u00a1Hola Cer\u00e0mica!\u2019\" \/>\r\n<meta property=\"og:url\" content=\"https:\/\/manisescityofceramics.es\/ca\/esdeveniments-manises-abril\/\" \/>\r\n<meta property=\"og:site_name\" content=\"Manises\" \/>\r\n<meta property=\"article:published_time\" content=\"2023-03-27T12:34:14+00:00\" \/>\r\n<meta property=\"article:modified_time\" content=\"2023-03-28T10:08:17+00:00\" \/>\r\n<meta property=\"og:image\" content=\"https:\/\/manisescityofceramics.es\/wp-content\/uploads\/2023\/03\/Manises_post-1-1-1-1-1-1.png\" \/>\r\n\t<meta property=\"og:image:width\" content=\"4500\" \/>\r\n\t<meta property=\"og:image:height\" content=\"4500\" \/>\r\n<meta name=\"twitter:card\" content=\"summary_large_image\" \/>\r\n<meta name=\"twitter:label1\" content=\"Temps estimat de lectura\" \/>\n\t<meta name=\"twitter:data1\" content=\"3 minuts\" \/>\r\n<script type=\"application\/ld+json\" class=\"yoast-schema-graph\">{\"@context\":\"https:\/\/schema.org\",\"@graph\":[{\"@type\":\"WebSite\",\"@id\":\"https:\/\/manisescityofceramics.es\/#website\",\"url\":\"https:\/\/manisescityofceramics.es\/\",\"name\":\"Manises\",\"description\":\"\",\"potentialAction\":[{\"@type\":\"SearchAction\",\"target\":\"https:\/\/manisescityofceramics.es\/?s={search_term_string}\",\"query-input\":\"required name=search_term_string\"}],\"inLanguage\":\"ca\"},{\"@type\":\"ImageObject\",\"@id\":\"https:\/\/manisescityofceramics.es\/ca\/esdeveniments-manises-abril\/#primaryimage\",\"inLanguage\":\"ca\",\"url\":\"https:\/\/manisescityofceramics.es\/wp-content\/uploads\/2023\/03\/Manises_post-1-1-1-1-1-1.png\",\"contentUrl\":\"https:\/\/manisescityofceramics.es\/wp-content\/uploads\/2023\/03\/Manises_post-1-1-1-1-1-1.png\",\"width\":4500,\"height\":4500},{\"@type\":\"WebPage\",\"@id\":\"https:\/\/manisescityofceramics.es\/ca\/esdeveniments-manises-abril\/#webpage\",\"url\":\"https:\/\/manisescityofceramics.es\/ca\/esdeveniments-manises-abril\/\",\"name\":\"Manises participar\\u00e0 en Dies Europeus de l'Artesania, Hola Cer\\u00e0mica! i Fira de les Comarques - Manises\",\"isPartOf\":{\"@id\":\"https:\/\/manisescityofceramics.es\/#website\"},\"primaryImageOfPage\":{\"@id\":\"https:\/\/manisescityofceramics.es\/ca\/esdeveniments-manises-abril\/#primaryimage\"},\"datePublished\":\"2023-03-27T12:34:14+00:00\",\"dateModified\":\"2023-03-28T10:08:17+00:00\",\"author\":{\"@id\":\"https:\/\/manisescityofceramics.es\/#\/schema\/person\/51b69ecca7eed93d1f12029ff897028a\"},\"description\":\"Durant aquesta setmana serem presents en diferents jornades de gran rellev\\u00e0ncia en el sector cer\\u00e0mic. Del 27 de mar\\u00e7 al 2 d'abril serem presents en Dies Europeus de l'Artesania, el 31 de mar\\u00e7, 1 i 2 d'abril en Fira de les Comarques i \\u2018\\u00a1Hola Cer\\u00e0mica!\\u2019\",\"breadcrumb\":{\"@id\":\"https:\/\/manisescityofceramics.es\/ca\/esdeveniments-manises-abril\/#breadcrumb\"},\"inLanguage\":\"ca\",\"potentialAction\":[{\"@type\":\"ReadAction\",\"target\":[\"https:\/\/manisescityofceramics.es\/ca\/esdeveniments-manises-abril\/\"]}]},{\"@type\":\"BreadcrumbList\",\"@id\":\"https:\/\/manisescityofceramics.es\/ca\/esdeveniments-manises-abril\/#breadcrumb\",\"itemListElement\":[{\"@type\":\"ListItem\",\"position\":1,\"name\":\"Inicio\",\"item\":\"https:\/\/manisescityofceramics.es\/ca\/\"},{\"@type\":\"ListItem\",\"position\":2,\"name\":\"Manises participar\\u00e0 en Dies Europeus de l&#8217;Artesania, Hola Cer\\u00e0mica! i Fira de les Comarques\"}]},{\"@type\":\"Person\",\"@id\":\"https:\/\/manisescityofceramics.es\/#\/schema\/person\/51b69ecca7eed93d1f12029ff897028a\",\"name\":\"David Prieto Checa\",\"image\":{\"@type\":\"ImageObject\",\"@id\":\"https:\/\/manisescityofceramics.es\/#personlogo\",\"inLanguage\":\"ca\",\"url\":\"https:\/\/secure.gravatar.com\/avatar\/f11af934216760ee531178a240a47bc0?s=96&d=mm&r=g\",\"contentUrl\":\"https:\/\/secure.gravatar.com\/avatar\/f11af934216760ee531178a240a47bc0?s=96&d=mm&r=g\",\"caption\":\"David Prieto Checa\"}}]}<\/script>\r\n<!-- \/ Yoast SEO plugin. -->","_links":{"self":[{"href":"https:\/\/manisescityofceramics.es\/ca\/wp-json\/wp\/v2\/posts\/10291"}],"collection":[{"href":"https:\/\/manisescityofceramics.es\/ca\/wp-json\/wp\/v2\/posts"}],"about":[{"href":"https:\/\/manisescityofceramics.es\/ca\/wp-json\/wp\/v2\/types\/post"}],"author":[{"embeddable":true,"href":"https:\/\/manisescityofceramics.es\/ca\/wp-json\/wp\/v2\/users\/6"}],"replies":[{"embeddable":true,"href":"https:\/\/manisescityofceramics.es\/ca\/wp-json\/wp\/v2\/comments?post=10291"}],"version-history":[{"count":2,"href":"https:\/\/manisescityofceramics.es\/ca\/wp-json\/wp\/v2\/posts\/10291\/revisions"}],"predecessor-version":[{"id":10293,"href":"https:\/\/manisescityofceramics.es\/ca\/wp-json\/wp\/v2\/posts\/10291\/revisions\/10293"}],"wp:featuredmedia":[{"embeddable":true,"href":"https:\/\/manisescityofceramics.es\/ca\/wp-json\/wp\/v2\/media\/10294"}],"wp:attachment":[{"href":"https:\/\/manisescityofceramics.es\/ca\/wp-json\/wp\/v2\/media?parent=10291"}],"wp:term":[{"taxonomy":"category","embeddable":true,"href":"https:\/\/manisescityofceramics.es\/ca\/wp-json\/wp\/v2\/categories?post=10291"},{"taxonomy":"post_tag","embeddable":true,"href":"https:\/\/manisescityofceramics.es\/ca\/wp-json\/wp\/v2\/tags?post=10291"}],"curies":[{"name":"wp","href":"https:\/\/api.w.org\/{rel}","templated":true}]}}