{"id":10241,"date":"2023-02-09T12:59:23","date_gmt":"2023-02-09T12:59:23","guid":{"rendered":"https:\/\/manisescityofceramics.es\/?p=10241"},"modified":"2023-02-09T12:59:23","modified_gmt":"2023-02-09T12:59:23","slug":"manises-acull-la-i-mostra-de-cinema-sobre-ceramica","status":"publish","type":"post","link":"https:\/\/manisescityofceramics.es\/ca\/manises-acull-la-i-mostra-de-cinema-sobre-ceramica\/","title":{"rendered":"Manises acull la I Mostra de Cinema sobre Cer\u00e0mica"},"content":{"rendered":"<p>Els pr\u00f2xims 24 i 25 de febrer de 2023 tindr\u00e0 lloc a l&#8217;Auditori Germanies de Manises la I Mostra de Cinema sobre Cer\u00e0mica (CICEMA) que inclour\u00e0 tamb\u00e9 la presentaci\u00f3 oficial del Festival Internacional de Cinema sobre Cer\u00e0mica, primera edici\u00f3 del certamen el qual se celebrar\u00e0 en 2024 i coincidir\u00e0 amb la XVI Biennal Internacional de Cer\u00e0mica de la nostra localitat.<\/p>\n<p>El regidor de Promoci\u00f3 de la Cer\u00e0mica del nostre ajuntament, Xavier Morant, afirma que \u201cla ciutat de Manises, bressol de la cer\u00e0mica i ciutat Creativa de la UNESCO des de 2021, \u00e9s el lloc idoni per a albergar aquest certamen de cinema de projecci\u00f3 internacional\u201d. \u201cA m\u00e9s, aquesta activitat crear\u00e0 un vincle entre cinema i cer\u00e0mica que posicionar\u00e0 el nom de Manises a trav\u00e9s del set\u00e9 art\u201d, ha afegit Morant.<\/p>\n<p>Aquesta mostra i el futur Festival parteixen de la iniciativa dels seus codirectors, Rafaela Pareja i Carlos Garc\u00eda Aranda, i suposen la culminaci\u00f3 d&#8217;un itinerari de successives mostres i jornades de cinema sobre cer\u00e0mica que aquests organitzadors realitzen des de 2017 sota els auspicis del Museu de Cer\u00e0mica de Manises. L&#8217;inter\u00e9s suscitat per aquests anteriors esdeveniments porta ara al plantejament d&#8217;un esdeveniment m\u00e9s ambici\u00f3s que es posicionar\u00e0 com l&#8217;\u00fanic festival de cinema d&#8217;aquestes caracter\u00edstiques a nivell europeu.<\/p>\n<p>El dia 24 de febrer a les 19 hores tindr\u00e0 lloc a l&#8217;Auditori Germanies la gala d&#8217;inauguraci\u00f3 en la qual es presentaran les bases del futur Festival, la seua imatge gr\u00e0fica i el trofeu, dissenyat per l&#8217;artista Enric Mestre. Tamb\u00e9 es reconeixer\u00e0 amb un premi honor\u00edfic al cineasta Javier D\u00edez pel seu treball pioner a Espanya de realitzaci\u00f3 de documentals sobre artistes cer\u00e0mics que van impulsar la modernitzaci\u00f3 de la cer\u00e0mica al nostre pa\u00eds i la seua integraci\u00f3 en les arts pl\u00e0stiques. Despr\u00e9s de la gala es donar\u00e0 pas a una sessi\u00f3 de cinema que es veur\u00e0 completada l&#8217;endem\u00e0 per una altra sessi\u00f3 de projeccions.<\/p>\n<p>Pel seu atractiu intr\u00ednsec i el seu gran poder de difusi\u00f3, l&#8217;art cinematogr\u00e0fic \u00e9s un mitj\u00e0 extremadament valu\u00f3s per a posar en valor totes les pr\u00e0ctiques relacionades amb el m\u00f3n de la cer\u00e0mica i presentar-les tant als especialistes com al p\u00fablic en general. La nostra ciutat \u00e9s sense dubte el lloc idoni per a albergar aquest certamen, el qual enriquir\u00e0 fins i tot m\u00e9s si cap la relaci\u00f3 del nostre municipi amb la cer\u00e0mica i enfortir\u00e0 la seua projecci\u00f3 internacional.<\/p>\n","protected":false},"excerpt":{"rendered":"<p>Els pr\u00f2xims 24 i 25 de febrer de 2023 tindr\u00e0 lloc a l&#8217;Auditori Germanies de Manises la I Mostra de Cinema sobre Cer\u00e0mica (CICEMA) que inclour\u00e0 tamb\u00e9 la presentaci\u00f3 oficial &hellip;<\/p>\n<p class=\"read-more\"> <a class=\"\" href=\"https:\/\/manisescityofceramics.es\/ca\/manises-acull-la-i-mostra-de-cinema-sobre-ceramica\/\"> <span class=\"screen-reader-text\">Manises acull la I Mostra de Cinema sobre Cer\u00e0mica<\/span> Llegeix m\u00e9s &raquo;<\/a><\/p>\n","protected":false},"author":6,"featured_media":10243,"comment_status":"open","ping_status":"open","sticky":false,"template":"","format":"standard","meta":{"_monsterinsights_skip_tracking":false,"_monsterinsights_sitenote_active":false,"_monsterinsights_sitenote_note":"","_monsterinsights_sitenote_category":0},"categories":[38,36],"tags":[],"yoast_head":"<!-- This site is optimized with the Yoast SEO plugin v16.5 - https:\/\/yoast.com\/wordpress\/plugins\/seo\/ -->\r\n<title>Manises acull la I Mostra de Cinema sobre Cer\u00e0mica - Manises<\/title>\r\n<meta name=\"robots\" content=\"index, follow, max-snippet:-1, max-image-preview:large, max-video-preview:-1\" \/>\r\n<link rel=\"canonical\" href=\"https:\/\/manisescityofceramics.es\/ca\/manises-acull-la-i-mostra-de-cinema-sobre-ceramica\/\" \/>\r\n<meta property=\"og:locale\" content=\"ca_ES\" \/>\r\n<meta property=\"og:type\" content=\"article\" \/>\r\n<meta property=\"og:title\" content=\"Manises acull la I Mostra de Cinema sobre Cer\u00e0mica - Manises\" \/>\r\n<meta property=\"og:description\" content=\"Els pr\u00f2xims 24 i 25 de febrer de 2023 tindr\u00e0 lloc a l&#8217;Auditori Germanies de Manises la I Mostra de Cinema sobre Cer\u00e0mica (CICEMA) que inclour\u00e0 tamb\u00e9 la presentaci\u00f3 oficial &hellip; Manises acull la I Mostra de Cinema sobre Cer\u00e0mica Llegeix m\u00e9s &raquo;\" \/>\r\n<meta property=\"og:url\" content=\"https:\/\/manisescityofceramics.es\/ca\/manises-acull-la-i-mostra-de-cinema-sobre-ceramica\/\" \/>\r\n<meta property=\"og:site_name\" content=\"Manises\" \/>\r\n<meta property=\"article:published_time\" content=\"2023-02-09T12:59:23+00:00\" \/>\r\n<meta property=\"og:image\" content=\"https:\/\/manisescityofceramics.es\/wp-content\/uploads\/2023\/02\/CICEMA-1-1-scaled.jpeg\" \/>\r\n\t<meta property=\"og:image:width\" content=\"1834\" \/>\r\n\t<meta property=\"og:image:height\" content=\"2560\" \/>\r\n<meta name=\"twitter:card\" content=\"summary_large_image\" \/>\r\n<meta name=\"twitter:label1\" content=\"Temps estimat de lectura\" \/>\n\t<meta name=\"twitter:data1\" content=\"2 minuts\" \/>\r\n<script type=\"application\/ld+json\" class=\"yoast-schema-graph\">{\"@context\":\"https:\/\/schema.org\",\"@graph\":[{\"@type\":\"WebSite\",\"@id\":\"https:\/\/manisescityofceramics.es\/#website\",\"url\":\"https:\/\/manisescityofceramics.es\/\",\"name\":\"Manises\",\"description\":\"\",\"potentialAction\":[{\"@type\":\"SearchAction\",\"target\":\"https:\/\/manisescityofceramics.es\/?s={search_term_string}\",\"query-input\":\"required name=search_term_string\"}],\"inLanguage\":\"ca\"},{\"@type\":\"ImageObject\",\"@id\":\"https:\/\/manisescityofceramics.es\/ca\/manises-acull-la-i-mostra-de-cinema-sobre-ceramica\/#primaryimage\",\"inLanguage\":\"ca\",\"url\":\"https:\/\/manisescityofceramics.es\/wp-content\/uploads\/2023\/02\/CICEMA-1-1-scaled.jpeg\",\"contentUrl\":\"https:\/\/manisescityofceramics.es\/wp-content\/uploads\/2023\/02\/CICEMA-1-1-scaled.jpeg\",\"width\":1834,\"height\":2560},{\"@type\":\"WebPage\",\"@id\":\"https:\/\/manisescityofceramics.es\/ca\/manises-acull-la-i-mostra-de-cinema-sobre-ceramica\/#webpage\",\"url\":\"https:\/\/manisescityofceramics.es\/ca\/manises-acull-la-i-mostra-de-cinema-sobre-ceramica\/\",\"name\":\"Manises acull la I Mostra de Cinema sobre Cer\\u00e0mica - Manises\",\"isPartOf\":{\"@id\":\"https:\/\/manisescityofceramics.es\/#website\"},\"primaryImageOfPage\":{\"@id\":\"https:\/\/manisescityofceramics.es\/ca\/manises-acull-la-i-mostra-de-cinema-sobre-ceramica\/#primaryimage\"},\"datePublished\":\"2023-02-09T12:59:23+00:00\",\"dateModified\":\"2023-02-09T12:59:23+00:00\",\"author\":{\"@id\":\"https:\/\/manisescityofceramics.es\/#\/schema\/person\/51b69ecca7eed93d1f12029ff897028a\"},\"breadcrumb\":{\"@id\":\"https:\/\/manisescityofceramics.es\/ca\/manises-acull-la-i-mostra-de-cinema-sobre-ceramica\/#breadcrumb\"},\"inLanguage\":\"ca\",\"potentialAction\":[{\"@type\":\"ReadAction\",\"target\":[\"https:\/\/manisescityofceramics.es\/ca\/manises-acull-la-i-mostra-de-cinema-sobre-ceramica\/\"]}]},{\"@type\":\"BreadcrumbList\",\"@id\":\"https:\/\/manisescityofceramics.es\/ca\/manises-acull-la-i-mostra-de-cinema-sobre-ceramica\/#breadcrumb\",\"itemListElement\":[{\"@type\":\"ListItem\",\"position\":1,\"name\":\"Inicio\",\"item\":\"https:\/\/manisescityofceramics.es\/ca\/\"},{\"@type\":\"ListItem\",\"position\":2,\"name\":\"Manises acull la I Mostra de Cinema sobre Cer\\u00e0mica\"}]},{\"@type\":\"Person\",\"@id\":\"https:\/\/manisescityofceramics.es\/#\/schema\/person\/51b69ecca7eed93d1f12029ff897028a\",\"name\":\"David Prieto Checa\",\"image\":{\"@type\":\"ImageObject\",\"@id\":\"https:\/\/manisescityofceramics.es\/#personlogo\",\"inLanguage\":\"ca\",\"url\":\"https:\/\/secure.gravatar.com\/avatar\/f11af934216760ee531178a240a47bc0?s=96&d=mm&r=g\",\"contentUrl\":\"https:\/\/secure.gravatar.com\/avatar\/f11af934216760ee531178a240a47bc0?s=96&d=mm&r=g\",\"caption\":\"David Prieto Checa\"}}]}<\/script>\r\n<!-- \/ Yoast SEO plugin. -->","_links":{"self":[{"href":"https:\/\/manisescityofceramics.es\/ca\/wp-json\/wp\/v2\/posts\/10241"}],"collection":[{"href":"https:\/\/manisescityofceramics.es\/ca\/wp-json\/wp\/v2\/posts"}],"about":[{"href":"https:\/\/manisescityofceramics.es\/ca\/wp-json\/wp\/v2\/types\/post"}],"author":[{"embeddable":true,"href":"https:\/\/manisescityofceramics.es\/ca\/wp-json\/wp\/v2\/users\/6"}],"replies":[{"embeddable":true,"href":"https:\/\/manisescityofceramics.es\/ca\/wp-json\/wp\/v2\/comments?post=10241"}],"version-history":[{"count":1,"href":"https:\/\/manisescityofceramics.es\/ca\/wp-json\/wp\/v2\/posts\/10241\/revisions"}],"predecessor-version":[{"id":10245,"href":"https:\/\/manisescityofceramics.es\/ca\/wp-json\/wp\/v2\/posts\/10241\/revisions\/10245"}],"wp:featuredmedia":[{"embeddable":true,"href":"https:\/\/manisescityofceramics.es\/ca\/wp-json\/wp\/v2\/media\/10243"}],"wp:attachment":[{"href":"https:\/\/manisescityofceramics.es\/ca\/wp-json\/wp\/v2\/media?parent=10241"}],"wp:term":[{"taxonomy":"category","embeddable":true,"href":"https:\/\/manisescityofceramics.es\/ca\/wp-json\/wp\/v2\/categories?post=10241"},{"taxonomy":"post_tag","embeddable":true,"href":"https:\/\/manisescityofceramics.es\/ca\/wp-json\/wp\/v2\/tags?post=10241"}],"curies":[{"name":"wp","href":"https:\/\/api.w.org\/{rel}","templated":true}]}}