{"id":10186,"date":"2023-02-08T10:44:13","date_gmt":"2023-02-08T10:44:13","guid":{"rendered":"https:\/\/manisescityofceramics.es\/?p=10186"},"modified":"2023-02-08T10:44:13","modified_gmt":"2023-02-08T10:44:13","slug":"manises-declarada-ciutat-creativa-de-la-unesco-en-la-modalitat-dartesania-i-arts-populars","status":"publish","type":"post","link":"https:\/\/manisescityofceramics.es\/ca\/manises-declarada-ciutat-creativa-de-la-unesco-en-la-modalitat-dartesania-i-arts-populars\/","title":{"rendered":"Manises, declarada Ciutat Creativa de la UNESCO en la modalitat d&#8217;artesania i arts populars"},"content":{"rendered":"<p>Manises ha sigut una de les 49 ciutats declarades Ciutats Creatives de la UNESCO en aquest 2021 despr\u00e9s de l&#8217;anunci per part de la directora general de la UNESCO, Audrey Azoulay, en reconeixement al seu comprom\u00eds de posar la cultura i la creativitat al cor del desenvolupament i de compartir coneixement i bones pr\u00e0ctiques. D&#8217;aquesta manera, Manises ingressa en la Xarxa de Ciutats Creatives de la UNESCO, concretament en la modalitat d&#8217;artesania i arts populars, i es converteix aix\u00ed en la primera i \u00fanica ciutat de l&#8217;Estat que ha aconseguit aquesta distinci\u00f3 fins ara en aquesta categoria.<\/p>\n<p>Despr\u00e9s de saber la not\u00edcia, l&#8217;alcalde de Manises, Jes\u00fas Borr\u00e0s i Sanchis, va assenyalar que aquest reconeixement internacional per part d&#8217;un organisme de la categoria de la UNESCO, \u201csuposa un impuls important\u00edssim en l&#8217;aposta de Manises pel sector cer\u00e0mic i per a fer de la ciutat un referent mundial en aquest \u00e0mbit, capa\u00e7 de generar oportunitats i dinamitzar econ\u00f2mica, social i culturalment aquest motor de desenvolupament\u201d.<\/p>\n<p>Per a l&#8217;alcalde, el fet de ser la primera i l\u2019\u00fanica ciutat de l&#8217;Estat a rebre aquest reconeixement en aquesta categoria significa \u201creafirmar el posicionament\u201d de la cer\u00e0mica dins del panorama internacional i \u201cobrir\u201d la porta a noves possibilitats en conjunt amb altres ciutats creatives.<\/p>\n<p>\u00abAcceptem aquest repte amb molta il\u00b7lusi\u00f3 i amb el comprom\u00eds de tots els regidors que formen l&#8217;actual consistori perqu\u00e8 Manises estiga al nivell que per la seua hist\u00f2ria, tradici\u00f3 i cultura mereix estar\u00bb, ha afegit Borr\u00e0s.<\/p>\n<p>S&#8217;ha treballat molt dur amb la finalitat d&#8217;aconseguir objectius ambiciosos en aquesta candidatura des de les regidories de Turisme i Promoci\u00f3 de la Cer\u00e0mica de l&#8217;Ajuntament de Manises juntament amb la Universitat Polit\u00e8cnica de Val\u00e8ncia, concretament de la m\u00e0 de la catedr\u00e0tica, M\u00aa Jos\u00e9 Vi\u00f1als, que ja va estar al capdavant de la reeixida candidatura de la localitat valenciana de Ll\u00edria.<\/p>\n<p>La Xarxa de Ciutats Creatives de la UNESCO, creada el 2004, va n\u00e0ixer amb l&#8217;objectiu de fomentar la cooperaci\u00f3 internacional entre ciutats de tot el m\u00f3n per a fer de la creativitat un motor de desenvolupament urb\u00e0 sostenible, integraci\u00f3 social i vida cultural, i recon\u00e9ixer la creativitat dels seus membres en set \u00e0mbits: artesania i arts populars, arts digitals, cinema, gastronomia, literatura i m\u00fasica. La Xarxa compta des de hui amb 295 ciutats en 90 pa\u00efsos.<\/p>\n<p>Fins ara, Espanya comptava amb nou ciutats creatives: Sevilla (M\u00fasica, 2006), Bilbao (Disseny, 2014), Granada (Literatura, 2014), Burgos (Gastronomia, 2015), D\u00e9nia (Gastronomia, 2015), Barcelona (Literatura, 2015) ), Terrassa (Cinema, 2017), Ll\u00edria (M\u00fasica, 2019) i Valladolid (Cinema, 2019). L&#8217;organisme internacional ha anunciat en la seua p\u00e0gina web la designaci\u00f3 de les 49 noves ciutats creatives en els cinc continents. Des d&#8217;Espanya, amb Manises, es presentava la ciutat de Las Palmas de Gran Canaria en la modalitat de m\u00fasica, ciutat que no ha sigut seleccionada en aquesta ocasi\u00f3, per\u00f2 a la qual desitgem molta sort per a la pr\u00f2xima edici\u00f3.<\/p>\n<p>Des d&#8217;ac\u00ed volem aprofitar l&#8217;ocasi\u00f3 per a agrair a totes les institucions, administracions, al sector cer\u00e0mic, a les associacions i a tota la ciutadania que ha secundat aquesta potent candidatura amb entusiasme i decisi\u00f3.<\/p>\n","protected":false},"excerpt":{"rendered":"<p>Manises ha sigut una de les 49 ciutats declarades Ciutats Creatives de la UNESCO en aquest 2021 despr\u00e9s de l&#8217;anunci per part de la directora general de la UNESCO, Audrey &hellip;<\/p>\n<p class=\"read-more\"> <a class=\"\" href=\"https:\/\/manisescityofceramics.es\/ca\/manises-declarada-ciutat-creativa-de-la-unesco-en-la-modalitat-dartesania-i-arts-populars\/\"> <span class=\"screen-reader-text\">Manises, declarada Ciutat Creativa de la UNESCO en la modalitat d&#8217;artesania i arts populars<\/span> Llegeix m\u00e9s &raquo;<\/a><\/p>\n","protected":false},"author":6,"featured_media":9587,"comment_status":"open","ping_status":"open","sticky":false,"template":"","format":"standard","meta":{"_monsterinsights_skip_tracking":false,"_monsterinsights_sitenote_active":false,"_monsterinsights_sitenote_note":"","_monsterinsights_sitenote_category":0},"categories":[36],"tags":[],"yoast_head":"<!-- This site is optimized with the Yoast SEO plugin v16.5 - https:\/\/yoast.com\/wordpress\/plugins\/seo\/ -->\r\n<title>Manises, declarada Ciutat Creativa de la UNESCO en la modalitat d&#039;artesania i arts populars - Manises<\/title>\r\n<meta name=\"robots\" content=\"index, follow, max-snippet:-1, max-image-preview:large, max-video-preview:-1\" \/>\r\n<link rel=\"canonical\" href=\"https:\/\/manisescityofceramics.es\/ca\/manises-declarada-ciutat-creativa-de-la-unesco-en-la-modalitat-dartesania-i-arts-populars\/\" \/>\r\n<meta property=\"og:locale\" content=\"ca_ES\" \/>\r\n<meta property=\"og:type\" content=\"article\" \/>\r\n<meta property=\"og:title\" content=\"Manises, declarada Ciutat Creativa de la UNESCO en la modalitat d&#039;artesania i arts populars - Manises\" \/>\r\n<meta property=\"og:description\" content=\"Manises ha sigut una de les 49 ciutats declarades Ciutats Creatives de la UNESCO en aquest 2021 despr\u00e9s de l&#8217;anunci per part de la directora general de la UNESCO, Audrey &hellip; Manises, declarada Ciutat Creativa de la UNESCO en la modalitat d&#8217;artesania i arts populars Llegeix m\u00e9s &raquo;\" \/>\r\n<meta property=\"og:url\" content=\"https:\/\/manisescityofceramics.es\/ca\/manises-declarada-ciutat-creativa-de-la-unesco-en-la-modalitat-dartesania-i-arts-populars\/\" \/>\r\n<meta property=\"og:site_name\" content=\"Manises\" \/>\r\n<meta property=\"article:published_time\" content=\"2023-02-08T10:44:13+00:00\" \/>\r\n<meta property=\"og:image\" content=\"https:\/\/manisescityofceramics.es\/wp-content\/uploads\/2021\/11\/Cartel-Ciudad-Creativa_valenciano.jpg\" \/>\r\n\t<meta property=\"og:image:width\" content=\"800\" \/>\r\n\t<meta property=\"og:image:height\" content=\"1498\" \/>\r\n<meta name=\"twitter:card\" content=\"summary_large_image\" \/>\r\n<meta name=\"twitter:label1\" content=\"Temps estimat de lectura\" \/>\n\t<meta name=\"twitter:data1\" content=\"3 minuts\" \/>\r\n<script type=\"application\/ld+json\" class=\"yoast-schema-graph\">{\"@context\":\"https:\/\/schema.org\",\"@graph\":[{\"@type\":\"WebSite\",\"@id\":\"https:\/\/manisescityofceramics.es\/#website\",\"url\":\"https:\/\/manisescityofceramics.es\/\",\"name\":\"Manises\",\"description\":\"\",\"potentialAction\":[{\"@type\":\"SearchAction\",\"target\":\"https:\/\/manisescityofceramics.es\/?s={search_term_string}\",\"query-input\":\"required name=search_term_string\"}],\"inLanguage\":\"ca\"},{\"@type\":\"ImageObject\",\"@id\":\"https:\/\/manisescityofceramics.es\/ca\/manises-declarada-ciutat-creativa-de-la-unesco-en-la-modalitat-dartesania-i-arts-populars\/#primaryimage\",\"inLanguage\":\"ca\",\"url\":\"https:\/\/manisescityofceramics.es\/wp-content\/uploads\/2021\/11\/Cartel-Ciudad-Creativa_valenciano.jpg\",\"contentUrl\":\"https:\/\/manisescityofceramics.es\/wp-content\/uploads\/2021\/11\/Cartel-Ciudad-Creativa_valenciano.jpg\",\"width\":800,\"height\":1498},{\"@type\":\"WebPage\",\"@id\":\"https:\/\/manisescityofceramics.es\/ca\/manises-declarada-ciutat-creativa-de-la-unesco-en-la-modalitat-dartesania-i-arts-populars\/#webpage\",\"url\":\"https:\/\/manisescityofceramics.es\/ca\/manises-declarada-ciutat-creativa-de-la-unesco-en-la-modalitat-dartesania-i-arts-populars\/\",\"name\":\"Manises, declarada Ciutat Creativa de la UNESCO en la modalitat d'artesania i arts populars - Manises\",\"isPartOf\":{\"@id\":\"https:\/\/manisescityofceramics.es\/#website\"},\"primaryImageOfPage\":{\"@id\":\"https:\/\/manisescityofceramics.es\/ca\/manises-declarada-ciutat-creativa-de-la-unesco-en-la-modalitat-dartesania-i-arts-populars\/#primaryimage\"},\"datePublished\":\"2023-02-08T10:44:13+00:00\",\"dateModified\":\"2023-02-08T10:44:13+00:00\",\"author\":{\"@id\":\"https:\/\/manisescityofceramics.es\/#\/schema\/person\/51b69ecca7eed93d1f12029ff897028a\"},\"breadcrumb\":{\"@id\":\"https:\/\/manisescityofceramics.es\/ca\/manises-declarada-ciutat-creativa-de-la-unesco-en-la-modalitat-dartesania-i-arts-populars\/#breadcrumb\"},\"inLanguage\":\"ca\",\"potentialAction\":[{\"@type\":\"ReadAction\",\"target\":[\"https:\/\/manisescityofceramics.es\/ca\/manises-declarada-ciutat-creativa-de-la-unesco-en-la-modalitat-dartesania-i-arts-populars\/\"]}]},{\"@type\":\"BreadcrumbList\",\"@id\":\"https:\/\/manisescityofceramics.es\/ca\/manises-declarada-ciutat-creativa-de-la-unesco-en-la-modalitat-dartesania-i-arts-populars\/#breadcrumb\",\"itemListElement\":[{\"@type\":\"ListItem\",\"position\":1,\"name\":\"Inicio\",\"item\":\"https:\/\/manisescityofceramics.es\/ca\/\"},{\"@type\":\"ListItem\",\"position\":2,\"name\":\"Manises, declarada Ciutat Creativa de la UNESCO en la modalitat d&#8217;artesania i arts populars\"}]},{\"@type\":\"Person\",\"@id\":\"https:\/\/manisescityofceramics.es\/#\/schema\/person\/51b69ecca7eed93d1f12029ff897028a\",\"name\":\"David Prieto Checa\",\"image\":{\"@type\":\"ImageObject\",\"@id\":\"https:\/\/manisescityofceramics.es\/#personlogo\",\"inLanguage\":\"ca\",\"url\":\"https:\/\/secure.gravatar.com\/avatar\/f11af934216760ee531178a240a47bc0?s=96&d=mm&r=g\",\"contentUrl\":\"https:\/\/secure.gravatar.com\/avatar\/f11af934216760ee531178a240a47bc0?s=96&d=mm&r=g\",\"caption\":\"David Prieto Checa\"}}]}<\/script>\r\n<!-- \/ Yoast SEO plugin. -->","_links":{"self":[{"href":"https:\/\/manisescityofceramics.es\/ca\/wp-json\/wp\/v2\/posts\/10186"}],"collection":[{"href":"https:\/\/manisescityofceramics.es\/ca\/wp-json\/wp\/v2\/posts"}],"about":[{"href":"https:\/\/manisescityofceramics.es\/ca\/wp-json\/wp\/v2\/types\/post"}],"author":[{"embeddable":true,"href":"https:\/\/manisescityofceramics.es\/ca\/wp-json\/wp\/v2\/users\/6"}],"replies":[{"embeddable":true,"href":"https:\/\/manisescityofceramics.es\/ca\/wp-json\/wp\/v2\/comments?post=10186"}],"version-history":[{"count":2,"href":"https:\/\/manisescityofceramics.es\/ca\/wp-json\/wp\/v2\/posts\/10186\/revisions"}],"predecessor-version":[{"id":10188,"href":"https:\/\/manisescityofceramics.es\/ca\/wp-json\/wp\/v2\/posts\/10186\/revisions\/10188"}],"wp:featuredmedia":[{"embeddable":true,"href":"https:\/\/manisescityofceramics.es\/ca\/wp-json\/wp\/v2\/media\/9587"}],"wp:attachment":[{"href":"https:\/\/manisescityofceramics.es\/ca\/wp-json\/wp\/v2\/media?parent=10186"}],"wp:term":[{"taxonomy":"category","embeddable":true,"href":"https:\/\/manisescityofceramics.es\/ca\/wp-json\/wp\/v2\/categories?post=10186"},{"taxonomy":"post_tag","embeddable":true,"href":"https:\/\/manisescityofceramics.es\/ca\/wp-json\/wp\/v2\/tags?post=10186"}],"curies":[{"name":"wp","href":"https:\/\/api.w.org\/{rel}","templated":true}]}}