{"id":10166,"date":"2023-02-08T10:16:25","date_gmt":"2023-02-08T10:16:25","guid":{"rendered":"https:\/\/manisescityofceramics.es\/?p=10166"},"modified":"2023-02-08T10:16:25","modified_gmt":"2023-02-08T10:16:25","slug":"manises-reconeix-la-trajectoria-de-la-ceramista-felicidad-mota-amb-el-premi-9-doctubre","status":"publish","type":"post","link":"https:\/\/manisescityofceramics.es\/ca\/manises-reconeix-la-trajectoria-de-la-ceramista-felicidad-mota-amb-el-premi-9-doctubre\/","title":{"rendered":"Manises reconeix la traject\u00f2ria de la ceramista Felicidad Mota amb el Premi 9 d\u2019Octubre"},"content":{"rendered":"<p>L&#8217;Ajuntament de Manises ha guardonat la ceramista manisera Felicidad Mota Moreno amb el Premi 9 d&#8217;Octubre Ciutat de Manises 2021 per la seua carrera professional com a ceramista, especialitzada en la t\u00e8cnica del socarrat. L&#8217;alcalde de Manises, Jes\u00fas Borr\u00e0s i Sanchis, ha sigut l&#8217;encarregat de lliurar el reconeixement m\u00e9s important que atorga el consistori ahir, dia 7 d&#8217;octubre, al parc dels Filtres de la localitat.<\/p>\n<p>L&#8217;alcalde de Manises s&#8217;ha mostrat orgull\u00f3s d&#8217;atorgar aquest premi, aprofitant la festivitat del 9 d&#8217;Octubre, a una manisera que ha dedicat tota la seua vida a mantindre viva la cer\u00e0mica del socarrat. \u00abEl seu continuat esfor\u00e7, la seua humilitat personal i professional fan de Felicidad Mota Moreno una innegable mereixedora d&#8217;aquest guard\u00f3\u00bb, va assegurar l&#8217;alcalde.<\/p>\n<p>&nbsp;<\/p>\n<p><strong>Felicidad Mota Moreno<\/strong><\/p>\n<p>Premi 9 d&#8217;Octubre 2021<\/p>\n<p>Felicidad va n\u00e0ixer el 16 de mar\u00e7 de 1946 a Manises.<\/p>\n<p>\u00c9s una artesana ceramista especialitzada en la t\u00e8cnica del socarrat, filla del ceramista Miguel Mota T\u00e0rrega i de la pintora Felicidad Moreno Aliaga.<\/p>\n<p>Felicidad \u00e9s la major d\u2019una fam\u00edlia nombrosa composta per tres germanes m\u00e9s, M. \u00c1ngeles, Rosa i Encarna i, un germ\u00e0, Miguel, que desgraciadament va faltar quan era jove.<\/p>\n<p>Va tindre una inf\u00e0ncia molt feli\u00e7, que va transc\u00f3rrer entre els murs de la f\u00e0brica dels seus pares, entre jocs i rialles, entre fang i pinzells. Una de les coses que m\u00e9s li agradava era estar envoltada de fum quan les peces es posaven a coure al forn mor\u00fa.<\/p>\n<p>Despr\u00e9s d&#8217;estudiar Peritatge a l&#8217;Escola de Cer\u00e0mica de Manises, va comen\u00e7ar la seua traject\u00f2ria professional especialitzant-se en la t\u00e8cnica del socarrat, que mai s&#8217;havia fet a la f\u00e0brica de son pare.<\/p>\n<p>M\u00e9s de 30 anys, tractant de donar a con\u00e9ixer els socarrats a trav\u00e9s d&#8217;exposicions i treballs en llocs emblem\u00e0tics.<\/p>\n<p>Destaca l&#8217;exposici\u00f3 al Centre d&#8217;Artesania, de la qual va eixir la il\u00b7lustraci\u00f3 de les portades del diari <em>Las Provincias<\/em> amb motiu del 750 aniversari de Jaume I. Tamb\u00e9 ha exposat a Palma, a Monte Picayo, D\u00e9nia, Val\u00e8ncia, Castell\u00f3 de la Plana i, fins i tot, a Par\u00eds despr\u00e9s de ser seleccionada pel Ministeri d&#8217;Ind\u00fastria i Energia.<\/p>\n<p>\u00abLa roca del Corpus\u00bb i un mural a Lo Rat Penat s\u00f3n dues de les seues obres m\u00e9s representatives.<\/p>\n","protected":false},"excerpt":{"rendered":"<p>L&#8217;Ajuntament de Manises ha guardonat la ceramista manisera Felicidad Mota Moreno amb el Premi 9 d&#8217;Octubre Ciutat de Manises 2021 per la seua carrera professional com a ceramista, especialitzada en &hellip;<\/p>\n<p class=\"read-more\"> <a class=\"\" href=\"https:\/\/manisescityofceramics.es\/ca\/manises-reconeix-la-trajectoria-de-la-ceramista-felicidad-mota-amb-el-premi-9-doctubre\/\"> <span class=\"screen-reader-text\">Manises reconeix la traject\u00f2ria de la ceramista Felicidad Mota amb el Premi 9 d\u2019Octubre<\/span> Llegeix m\u00e9s &raquo;<\/a><\/p>\n","protected":false},"author":6,"featured_media":9547,"comment_status":"open","ping_status":"open","sticky":false,"template":"","format":"standard","meta":{"_monsterinsights_skip_tracking":false,"_monsterinsights_sitenote_active":false,"_monsterinsights_sitenote_note":"","_monsterinsights_sitenote_category":0},"categories":[36],"tags":[],"yoast_head":"<!-- This site is optimized with the Yoast SEO plugin v16.5 - https:\/\/yoast.com\/wordpress\/plugins\/seo\/ -->\r\n<title>Manises reconeix la traject\u00f2ria de la ceramista Felicidad Mota amb el Premi 9 d\u2019Octubre - Manises<\/title>\r\n<meta name=\"robots\" content=\"index, follow, max-snippet:-1, max-image-preview:large, max-video-preview:-1\" \/>\r\n<link rel=\"canonical\" href=\"https:\/\/manisescityofceramics.es\/ca\/manises-reconeix-la-trajectoria-de-la-ceramista-felicidad-mota-amb-el-premi-9-doctubre\/\" \/>\r\n<meta property=\"og:locale\" content=\"ca_ES\" \/>\r\n<meta property=\"og:type\" content=\"article\" \/>\r\n<meta property=\"og:title\" content=\"Manises reconeix la traject\u00f2ria de la ceramista Felicidad Mota amb el Premi 9 d\u2019Octubre - Manises\" \/>\r\n<meta property=\"og:description\" content=\"L&#8217;Ajuntament de Manises ha guardonat la ceramista manisera Felicidad Mota Moreno amb el Premi 9 d&#8217;Octubre Ciutat de Manises 2021 per la seua carrera professional com a ceramista, especialitzada en &hellip; Manises reconeix la traject\u00f2ria de la ceramista Felicidad Mota amb el Premi 9 d\u2019Octubre Llegeix m\u00e9s &raquo;\" \/>\r\n<meta property=\"og:url\" content=\"https:\/\/manisescityofceramics.es\/ca\/manises-reconeix-la-trajectoria-de-la-ceramista-felicidad-mota-amb-el-premi-9-doctubre\/\" \/>\r\n<meta property=\"og:site_name\" content=\"Manises\" \/>\r\n<meta property=\"article:published_time\" content=\"2023-02-08T10:16:25+00:00\" \/>\r\n<meta property=\"og:image\" content=\"https:\/\/manisescityofceramics.es\/wp-content\/uploads\/2021\/10\/BI8A9647-copia.jpg\" \/>\r\n\t<meta property=\"og:image:width\" content=\"766\" \/>\r\n\t<meta property=\"og:image:height\" content=\"1149\" \/>\r\n<meta name=\"twitter:card\" content=\"summary_large_image\" \/>\r\n<meta name=\"twitter:label1\" content=\"Temps estimat de lectura\" \/>\n\t<meta name=\"twitter:data1\" content=\"2 minuts\" \/>\r\n<script type=\"application\/ld+json\" class=\"yoast-schema-graph\">{\"@context\":\"https:\/\/schema.org\",\"@graph\":[{\"@type\":\"WebSite\",\"@id\":\"https:\/\/manisescityofceramics.es\/#website\",\"url\":\"https:\/\/manisescityofceramics.es\/\",\"name\":\"Manises\",\"description\":\"\",\"potentialAction\":[{\"@type\":\"SearchAction\",\"target\":\"https:\/\/manisescityofceramics.es\/?s={search_term_string}\",\"query-input\":\"required name=search_term_string\"}],\"inLanguage\":\"ca\"},{\"@type\":\"ImageObject\",\"@id\":\"https:\/\/manisescityofceramics.es\/ca\/manises-reconeix-la-trajectoria-de-la-ceramista-felicidad-mota-amb-el-premi-9-doctubre\/#primaryimage\",\"inLanguage\":\"ca\",\"url\":\"https:\/\/manisescityofceramics.es\/wp-content\/uploads\/2021\/10\/BI8A9647-copia.jpg\",\"contentUrl\":\"https:\/\/manisescityofceramics.es\/wp-content\/uploads\/2021\/10\/BI8A9647-copia.jpg\",\"width\":766,\"height\":1149},{\"@type\":\"WebPage\",\"@id\":\"https:\/\/manisescityofceramics.es\/ca\/manises-reconeix-la-trajectoria-de-la-ceramista-felicidad-mota-amb-el-premi-9-doctubre\/#webpage\",\"url\":\"https:\/\/manisescityofceramics.es\/ca\/manises-reconeix-la-trajectoria-de-la-ceramista-felicidad-mota-amb-el-premi-9-doctubre\/\",\"name\":\"Manises reconeix la traject\\u00f2ria de la ceramista Felicidad Mota amb el Premi 9 d\\u2019Octubre - Manises\",\"isPartOf\":{\"@id\":\"https:\/\/manisescityofceramics.es\/#website\"},\"primaryImageOfPage\":{\"@id\":\"https:\/\/manisescityofceramics.es\/ca\/manises-reconeix-la-trajectoria-de-la-ceramista-felicidad-mota-amb-el-premi-9-doctubre\/#primaryimage\"},\"datePublished\":\"2023-02-08T10:16:25+00:00\",\"dateModified\":\"2023-02-08T10:16:25+00:00\",\"author\":{\"@id\":\"https:\/\/manisescityofceramics.es\/#\/schema\/person\/51b69ecca7eed93d1f12029ff897028a\"},\"breadcrumb\":{\"@id\":\"https:\/\/manisescityofceramics.es\/ca\/manises-reconeix-la-trajectoria-de-la-ceramista-felicidad-mota-amb-el-premi-9-doctubre\/#breadcrumb\"},\"inLanguage\":\"ca\",\"potentialAction\":[{\"@type\":\"ReadAction\",\"target\":[\"https:\/\/manisescityofceramics.es\/ca\/manises-reconeix-la-trajectoria-de-la-ceramista-felicidad-mota-amb-el-premi-9-doctubre\/\"]}]},{\"@type\":\"BreadcrumbList\",\"@id\":\"https:\/\/manisescityofceramics.es\/ca\/manises-reconeix-la-trajectoria-de-la-ceramista-felicidad-mota-amb-el-premi-9-doctubre\/#breadcrumb\",\"itemListElement\":[{\"@type\":\"ListItem\",\"position\":1,\"name\":\"Inicio\",\"item\":\"https:\/\/manisescityofceramics.es\/ca\/\"},{\"@type\":\"ListItem\",\"position\":2,\"name\":\"Manises reconeix la traject\\u00f2ria de la ceramista Felicidad Mota amb el Premi 9 d\\u2019Octubre\"}]},{\"@type\":\"Person\",\"@id\":\"https:\/\/manisescityofceramics.es\/#\/schema\/person\/51b69ecca7eed93d1f12029ff897028a\",\"name\":\"David Prieto Checa\",\"image\":{\"@type\":\"ImageObject\",\"@id\":\"https:\/\/manisescityofceramics.es\/#personlogo\",\"inLanguage\":\"ca\",\"url\":\"https:\/\/secure.gravatar.com\/avatar\/f11af934216760ee531178a240a47bc0?s=96&d=mm&r=g\",\"contentUrl\":\"https:\/\/secure.gravatar.com\/avatar\/f11af934216760ee531178a240a47bc0?s=96&d=mm&r=g\",\"caption\":\"David Prieto Checa\"}}]}<\/script>\r\n<!-- \/ Yoast SEO plugin. -->","_links":{"self":[{"href":"https:\/\/manisescityofceramics.es\/ca\/wp-json\/wp\/v2\/posts\/10166"}],"collection":[{"href":"https:\/\/manisescityofceramics.es\/ca\/wp-json\/wp\/v2\/posts"}],"about":[{"href":"https:\/\/manisescityofceramics.es\/ca\/wp-json\/wp\/v2\/types\/post"}],"author":[{"embeddable":true,"href":"https:\/\/manisescityofceramics.es\/ca\/wp-json\/wp\/v2\/users\/6"}],"replies":[{"embeddable":true,"href":"https:\/\/manisescityofceramics.es\/ca\/wp-json\/wp\/v2\/comments?post=10166"}],"version-history":[{"count":1,"href":"https:\/\/manisescityofceramics.es\/ca\/wp-json\/wp\/v2\/posts\/10166\/revisions"}],"predecessor-version":[{"id":10167,"href":"https:\/\/manisescityofceramics.es\/ca\/wp-json\/wp\/v2\/posts\/10166\/revisions\/10167"}],"wp:featuredmedia":[{"embeddable":true,"href":"https:\/\/manisescityofceramics.es\/ca\/wp-json\/wp\/v2\/media\/9547"}],"wp:attachment":[{"href":"https:\/\/manisescityofceramics.es\/ca\/wp-json\/wp\/v2\/media?parent=10166"}],"wp:term":[{"taxonomy":"category","embeddable":true,"href":"https:\/\/manisescityofceramics.es\/ca\/wp-json\/wp\/v2\/categories?post=10166"},{"taxonomy":"post_tag","embeddable":true,"href":"https:\/\/manisescityofceramics.es\/ca\/wp-json\/wp\/v2\/tags?post=10166"}],"curies":[{"name":"wp","href":"https:\/\/api.w.org\/{rel}","templated":true}]}}