{"id":10121,"date":"2023-02-03T10:02:03","date_gmt":"2023-02-03T10:02:03","guid":{"rendered":"https:\/\/manisescityofceramics.es\/?p=10121"},"modified":"2023-02-03T10:02:03","modified_gmt":"2023-02-03T10:02:03","slug":"cavalcada-de-la-ceramica-2021-recordatori","status":"publish","type":"post","link":"https:\/\/manisescityofceramics.es\/ca\/cavalcada-de-la-ceramica-2021-recordatori\/","title":{"rendered":"Cavalcada de la Cer\u00e0mica 2021: recordatori"},"content":{"rendered":"<p>Cada 18 de juliol els carrers de Manises s&#8217;omplin de festa, m\u00fasica i color en la tradicional Cavalcada de la Cer\u00e0mica amb motiu de les festes patronals en honor de les Santes Justa i Rufina.<\/p>\n<p>Lamentablement, enguany no hem pogut celebrar-ho com es mereix, i m\u00e9s en un any tan especial com el de la nostra candidatura en la UNESCO com a Ciutat Creativa en el camp de l&#8217;artesania i arts populars. Compartim el v\u00eddeo virtual que reflecteix la cavalcada en els anys seixanta i setanta en el seg\u00fcent enlla\u00e7 de YouTube:<\/p>\n<p><a href=\"https:\/\/youtu.be\/m_mf92hlebg\">https:\/\/youtu.be\/m_mf92hlebg<\/a><\/p>\n","protected":false},"excerpt":{"rendered":"<p>Cada 18 de juliol els carrers de Manises s&#8217;omplin de festa, m\u00fasica i color en la tradicional Cavalcada de la Cer\u00e0mica amb motiu de les festes patronals en honor de &hellip;<\/p>\n<p class=\"read-more\"> <a class=\"\" href=\"https:\/\/manisescityofceramics.es\/ca\/cavalcada-de-la-ceramica-2021-recordatori\/\"> <span class=\"screen-reader-text\">Cavalcada de la Cer\u00e0mica 2021: recordatori<\/span> Llegeix m\u00e9s &raquo;<\/a><\/p>\n","protected":false},"author":6,"featured_media":9329,"comment_status":"open","ping_status":"open","sticky":false,"template":"","format":"standard","meta":{"_monsterinsights_skip_tracking":false,"_monsterinsights_sitenote_active":false,"_monsterinsights_sitenote_note":"","_monsterinsights_sitenote_category":0},"categories":[36],"tags":[],"yoast_head":"<!-- This site is optimized with the Yoast SEO plugin v16.5 - https:\/\/yoast.com\/wordpress\/plugins\/seo\/ -->\r\n<title>Cavalcada de la Cer\u00e0mica 2021: recordatori - Manises<\/title>\r\n<meta name=\"robots\" content=\"index, follow, max-snippet:-1, max-image-preview:large, max-video-preview:-1\" \/>\r\n<link rel=\"canonical\" href=\"https:\/\/manisescityofceramics.es\/ca\/cavalcada-de-la-ceramica-2021-recordatori\/\" \/>\r\n<meta property=\"og:locale\" content=\"ca_ES\" \/>\r\n<meta property=\"og:type\" content=\"article\" \/>\r\n<meta property=\"og:title\" content=\"Cavalcada de la Cer\u00e0mica 2021: recordatori - Manises\" \/>\r\n<meta property=\"og:description\" content=\"Cada 18 de juliol els carrers de Manises s&#8217;omplin de festa, m\u00fasica i color en la tradicional Cavalcada de la Cer\u00e0mica amb motiu de les festes patronals en honor de &hellip; Cavalcada de la Cer\u00e0mica 2021: recordatori Llegeix m\u00e9s &raquo;\" \/>\r\n<meta property=\"og:url\" content=\"https:\/\/manisescityofceramics.es\/ca\/cavalcada-de-la-ceramica-2021-recordatori\/\" \/>\r\n<meta property=\"og:site_name\" content=\"Manises\" \/>\r\n<meta property=\"article:published_time\" content=\"2023-02-03T10:02:03+00:00\" \/>\r\n<meta property=\"og:image\" content=\"https:\/\/manisescityofceramics.es\/wp-content\/uploads\/2021\/07\/chica-cabalgata-09.jpg\" \/>\r\n\t<meta property=\"og:image:width\" content=\"2126\" \/>\r\n\t<meta property=\"og:image:height\" content=\"1535\" \/>\r\n<meta name=\"twitter:card\" content=\"summary_large_image\" \/>\r\n<meta name=\"twitter:label1\" content=\"Temps estimat de lectura\" \/>\n\t<meta name=\"twitter:data1\" content=\"1 minut\" \/>\r\n<script type=\"application\/ld+json\" class=\"yoast-schema-graph\">{\"@context\":\"https:\/\/schema.org\",\"@graph\":[{\"@type\":\"WebSite\",\"@id\":\"https:\/\/manisescityofceramics.es\/#website\",\"url\":\"https:\/\/manisescityofceramics.es\/\",\"name\":\"Manises\",\"description\":\"\",\"potentialAction\":[{\"@type\":\"SearchAction\",\"target\":\"https:\/\/manisescityofceramics.es\/?s={search_term_string}\",\"query-input\":\"required name=search_term_string\"}],\"inLanguage\":\"ca\"},{\"@type\":\"ImageObject\",\"@id\":\"https:\/\/manisescityofceramics.es\/ca\/cavalcada-de-la-ceramica-2021-recordatori\/#primaryimage\",\"inLanguage\":\"ca\",\"url\":\"https:\/\/manisescityofceramics.es\/wp-content\/uploads\/2021\/07\/chica-cabalgata-09.jpg\",\"contentUrl\":\"https:\/\/manisescityofceramics.es\/wp-content\/uploads\/2021\/07\/chica-cabalgata-09.jpg\",\"width\":2126,\"height\":1535},{\"@type\":\"WebPage\",\"@id\":\"https:\/\/manisescityofceramics.es\/ca\/cavalcada-de-la-ceramica-2021-recordatori\/#webpage\",\"url\":\"https:\/\/manisescityofceramics.es\/ca\/cavalcada-de-la-ceramica-2021-recordatori\/\",\"name\":\"Cavalcada de la Cer\\u00e0mica 2021: recordatori - Manises\",\"isPartOf\":{\"@id\":\"https:\/\/manisescityofceramics.es\/#website\"},\"primaryImageOfPage\":{\"@id\":\"https:\/\/manisescityofceramics.es\/ca\/cavalcada-de-la-ceramica-2021-recordatori\/#primaryimage\"},\"datePublished\":\"2023-02-03T10:02:03+00:00\",\"dateModified\":\"2023-02-03T10:02:03+00:00\",\"author\":{\"@id\":\"https:\/\/manisescityofceramics.es\/#\/schema\/person\/51b69ecca7eed93d1f12029ff897028a\"},\"breadcrumb\":{\"@id\":\"https:\/\/manisescityofceramics.es\/ca\/cavalcada-de-la-ceramica-2021-recordatori\/#breadcrumb\"},\"inLanguage\":\"ca\",\"potentialAction\":[{\"@type\":\"ReadAction\",\"target\":[\"https:\/\/manisescityofceramics.es\/ca\/cavalcada-de-la-ceramica-2021-recordatori\/\"]}]},{\"@type\":\"BreadcrumbList\",\"@id\":\"https:\/\/manisescityofceramics.es\/ca\/cavalcada-de-la-ceramica-2021-recordatori\/#breadcrumb\",\"itemListElement\":[{\"@type\":\"ListItem\",\"position\":1,\"name\":\"Inicio\",\"item\":\"https:\/\/manisescityofceramics.es\/ca\/\"},{\"@type\":\"ListItem\",\"position\":2,\"name\":\"Cavalcada de la Cer\\u00e0mica 2021: recordatori\"}]},{\"@type\":\"Person\",\"@id\":\"https:\/\/manisescityofceramics.es\/#\/schema\/person\/51b69ecca7eed93d1f12029ff897028a\",\"name\":\"David Prieto Checa\",\"image\":{\"@type\":\"ImageObject\",\"@id\":\"https:\/\/manisescityofceramics.es\/#personlogo\",\"inLanguage\":\"ca\",\"url\":\"https:\/\/secure.gravatar.com\/avatar\/f11af934216760ee531178a240a47bc0?s=96&d=mm&r=g\",\"contentUrl\":\"https:\/\/secure.gravatar.com\/avatar\/f11af934216760ee531178a240a47bc0?s=96&d=mm&r=g\",\"caption\":\"David Prieto Checa\"}}]}<\/script>\r\n<!-- \/ Yoast SEO plugin. -->","_links":{"self":[{"href":"https:\/\/manisescityofceramics.es\/ca\/wp-json\/wp\/v2\/posts\/10121"}],"collection":[{"href":"https:\/\/manisescityofceramics.es\/ca\/wp-json\/wp\/v2\/posts"}],"about":[{"href":"https:\/\/manisescityofceramics.es\/ca\/wp-json\/wp\/v2\/types\/post"}],"author":[{"embeddable":true,"href":"https:\/\/manisescityofceramics.es\/ca\/wp-json\/wp\/v2\/users\/6"}],"replies":[{"embeddable":true,"href":"https:\/\/manisescityofceramics.es\/ca\/wp-json\/wp\/v2\/comments?post=10121"}],"version-history":[{"count":1,"href":"https:\/\/manisescityofceramics.es\/ca\/wp-json\/wp\/v2\/posts\/10121\/revisions"}],"predecessor-version":[{"id":10122,"href":"https:\/\/manisescityofceramics.es\/ca\/wp-json\/wp\/v2\/posts\/10121\/revisions\/10122"}],"wp:featuredmedia":[{"embeddable":true,"href":"https:\/\/manisescityofceramics.es\/ca\/wp-json\/wp\/v2\/media\/9329"}],"wp:attachment":[{"href":"https:\/\/manisescityofceramics.es\/ca\/wp-json\/wp\/v2\/media?parent=10121"}],"wp:term":[{"taxonomy":"category","embeddable":true,"href":"https:\/\/manisescityofceramics.es\/ca\/wp-json\/wp\/v2\/categories?post=10121"},{"taxonomy":"post_tag","embeddable":true,"href":"https:\/\/manisescityofceramics.es\/ca\/wp-json\/wp\/v2\/tags?post=10121"}],"curies":[{"name":"wp","href":"https:\/\/api.w.org\/{rel}","templated":true}]}}