{"id":10119,"date":"2023-02-03T09:59:46","date_gmt":"2023-02-03T09:59:46","guid":{"rendered":"https:\/\/manisescityofceramics.es\/?p=10119"},"modified":"2023-02-03T09:59:46","modified_gmt":"2023-02-03T09:59:46","slug":"publicacio-tecniques-ceramiques","status":"publish","type":"post","link":"https:\/\/manisescityofceramics.es\/ca\/publicacio-tecniques-ceramiques\/","title":{"rendered":"Publicaci\u00f3 t\u00e8cniques cer\u00e0miques"},"content":{"rendered":"<p>Durant el mes d&#8217;agost es publicar\u00e0 informaci\u00f3 sobre diferents t\u00e8cniques cer\u00e0miques que han format i formen part de la hist\u00f2ria de Manises.<\/p>\n<p>Els objectius d&#8217;aquesta acci\u00f3 s\u00f3n diversos. D&#8217;una banda, donar a con\u00e9ixer diferents detalls perqu\u00e8 el p\u00fablic puga valorar no sols els coneixements i habilitats emprades en artesania.<\/p>\n<p>D&#8217;altra banda, tamb\u00e9 es vol mostrar alguns dels usos i possibilitats que se li pot donar al fang.<\/p>\n<p>L&#8217;acci\u00f3 es desenvolupar\u00e0 durant les cinc setmanes del mes d\u2019agost dedicant cada setmana a t\u00e8cniques com el reflex met\u00e0l\u00b7lic, tornejar, el v\u00edmet cer\u00e0mic, socarrats i pintura decorativa.<\/p>\n<p>Les publicacions es faran en les xarxes socials i podran veure&#8217;s seguint la p\u00e0gina de Facebook <a href=\"https:\/\/www.facebook.com\/turismomanises\">Tourist Info Manises<\/a> i el compte d&#8217;Instagram <a href=\"https:\/\/www.instagram.com\/visitamanises\/\">@VisitaManises<\/a>.<\/p>\n<p>D&#8217;altra banda, el <strong>p\u00fa<\/strong>blic infantil tamb\u00e9 tindr\u00e0 el seu espai. Pepa i V\u00edctor, protagonistes del llibre <em>La cer\u00e0mica valenciana\u2026 descobreix-la! <\/em>mostraran als m\u00e9s menuts com es realitzen aquestes t\u00e8cniques.<\/p>\n<p>Aquest llibre, publicat per l&#8217;Associaci\u00f3 Valenciana de Cer\u00e0mica AVEC-Gremi, en conta la hist\u00f2ria i diverses t\u00e8cniques cer\u00e0miques, i es pot descarregar gratis tant en castell\u00e0 com en valenci\u00e0:<\/p>\n<p>Lliure La cer\u00e0mica Valenciana&#8230;descobreix-la!<\/p>\n<p>&nbsp;<\/p>\n<p>&nbsp;<\/p>\n<p>&nbsp;<\/p>\n<p>&nbsp;<\/p>\n","protected":false},"excerpt":{"rendered":"<p>Durant el mes d&#8217;agost es publicar\u00e0 informaci\u00f3 sobre diferents t\u00e8cniques cer\u00e0miques que han format i formen part de la hist\u00f2ria de Manises. Els objectius d&#8217;aquesta acci\u00f3 s\u00f3n diversos. D&#8217;una banda, &hellip;<\/p>\n<p class=\"read-more\"> <a class=\"\" href=\"https:\/\/manisescityofceramics.es\/ca\/publicacio-tecniques-ceramiques\/\"> <span class=\"screen-reader-text\">Publicaci\u00f3 t\u00e8cniques cer\u00e0miques<\/span> Llegeix m\u00e9s &raquo;<\/a><\/p>\n","protected":false},"author":6,"featured_media":8967,"comment_status":"open","ping_status":"open","sticky":false,"template":"","format":"standard","meta":{"_monsterinsights_skip_tracking":false,"_monsterinsights_sitenote_active":false,"_monsterinsights_sitenote_note":"","_monsterinsights_sitenote_category":0},"categories":[36],"tags":[],"yoast_head":"<!-- This site is optimized with the Yoast SEO plugin v16.5 - https:\/\/yoast.com\/wordpress\/plugins\/seo\/ -->\r\n<title>Publicaci\u00f3 t\u00e8cniques cer\u00e0miques - Manises<\/title>\r\n<meta name=\"robots\" content=\"index, follow, max-snippet:-1, max-image-preview:large, max-video-preview:-1\" \/>\r\n<link rel=\"canonical\" href=\"https:\/\/manisescityofceramics.es\/ca\/publicacio-tecniques-ceramiques\/\" \/>\r\n<meta property=\"og:locale\" content=\"ca_ES\" \/>\r\n<meta property=\"og:type\" content=\"article\" \/>\r\n<meta property=\"og:title\" content=\"Publicaci\u00f3 t\u00e8cniques cer\u00e0miques - Manises\" \/>\r\n<meta property=\"og:description\" content=\"Durant el mes d&#8217;agost es publicar\u00e0 informaci\u00f3 sobre diferents t\u00e8cniques cer\u00e0miques que han format i formen part de la hist\u00f2ria de Manises. Els objectius d&#8217;aquesta acci\u00f3 s\u00f3n diversos. D&#8217;una banda, &hellip; Publicaci\u00f3 t\u00e8cniques cer\u00e0miques Llegeix m\u00e9s &raquo;\" \/>\r\n<meta property=\"og:url\" content=\"https:\/\/manisescityofceramics.es\/ca\/publicacio-tecniques-ceramiques\/\" \/>\r\n<meta property=\"og:site_name\" content=\"Manises\" \/>\r\n<meta property=\"article:published_time\" content=\"2023-02-03T09:59:46+00:00\" \/>\r\n<meta property=\"og:image\" content=\"https:\/\/manisescityofceramics.es\/wp-content\/uploads\/2021\/07\/ARTUROMORA015-scaled.jpg\" \/>\r\n\t<meta property=\"og:image:width\" content=\"2560\" \/>\r\n\t<meta property=\"og:image:height\" content=\"1628\" \/>\r\n<meta name=\"twitter:card\" content=\"summary_large_image\" \/>\r\n<meta name=\"twitter:label1\" content=\"Temps estimat de lectura\" \/>\n\t<meta name=\"twitter:data1\" content=\"1 minut\" \/>\r\n<script type=\"application\/ld+json\" class=\"yoast-schema-graph\">{\"@context\":\"https:\/\/schema.org\",\"@graph\":[{\"@type\":\"WebSite\",\"@id\":\"https:\/\/manisescityofceramics.es\/#website\",\"url\":\"https:\/\/manisescityofceramics.es\/\",\"name\":\"Manises\",\"description\":\"\",\"potentialAction\":[{\"@type\":\"SearchAction\",\"target\":\"https:\/\/manisescityofceramics.es\/?s={search_term_string}\",\"query-input\":\"required name=search_term_string\"}],\"inLanguage\":\"ca\"},{\"@type\":\"ImageObject\",\"@id\":\"https:\/\/manisescityofceramics.es\/ca\/publicacio-tecniques-ceramiques\/#primaryimage\",\"inLanguage\":\"ca\",\"url\":\"https:\/\/manisescityofceramics.es\/wp-content\/uploads\/2021\/07\/ARTUROMORA015-scaled.jpg\",\"contentUrl\":\"https:\/\/manisescityofceramics.es\/wp-content\/uploads\/2021\/07\/ARTUROMORA015-scaled.jpg\",\"width\":2560,\"height\":1628},{\"@type\":\"WebPage\",\"@id\":\"https:\/\/manisescityofceramics.es\/ca\/publicacio-tecniques-ceramiques\/#webpage\",\"url\":\"https:\/\/manisescityofceramics.es\/ca\/publicacio-tecniques-ceramiques\/\",\"name\":\"Publicaci\\u00f3 t\\u00e8cniques cer\\u00e0miques - Manises\",\"isPartOf\":{\"@id\":\"https:\/\/manisescityofceramics.es\/#website\"},\"primaryImageOfPage\":{\"@id\":\"https:\/\/manisescityofceramics.es\/ca\/publicacio-tecniques-ceramiques\/#primaryimage\"},\"datePublished\":\"2023-02-03T09:59:46+00:00\",\"dateModified\":\"2023-02-03T09:59:46+00:00\",\"author\":{\"@id\":\"https:\/\/manisescityofceramics.es\/#\/schema\/person\/51b69ecca7eed93d1f12029ff897028a\"},\"breadcrumb\":{\"@id\":\"https:\/\/manisescityofceramics.es\/ca\/publicacio-tecniques-ceramiques\/#breadcrumb\"},\"inLanguage\":\"ca\",\"potentialAction\":[{\"@type\":\"ReadAction\",\"target\":[\"https:\/\/manisescityofceramics.es\/ca\/publicacio-tecniques-ceramiques\/\"]}]},{\"@type\":\"BreadcrumbList\",\"@id\":\"https:\/\/manisescityofceramics.es\/ca\/publicacio-tecniques-ceramiques\/#breadcrumb\",\"itemListElement\":[{\"@type\":\"ListItem\",\"position\":1,\"name\":\"Inicio\",\"item\":\"https:\/\/manisescityofceramics.es\/ca\/\"},{\"@type\":\"ListItem\",\"position\":2,\"name\":\"Publicaci\\u00f3 t\\u00e8cniques cer\\u00e0miques\"}]},{\"@type\":\"Person\",\"@id\":\"https:\/\/manisescityofceramics.es\/#\/schema\/person\/51b69ecca7eed93d1f12029ff897028a\",\"name\":\"David Prieto Checa\",\"image\":{\"@type\":\"ImageObject\",\"@id\":\"https:\/\/manisescityofceramics.es\/#personlogo\",\"inLanguage\":\"ca\",\"url\":\"https:\/\/secure.gravatar.com\/avatar\/f11af934216760ee531178a240a47bc0?s=96&d=mm&r=g\",\"contentUrl\":\"https:\/\/secure.gravatar.com\/avatar\/f11af934216760ee531178a240a47bc0?s=96&d=mm&r=g\",\"caption\":\"David Prieto Checa\"}}]}<\/script>\r\n<!-- \/ Yoast SEO plugin. -->","_links":{"self":[{"href":"https:\/\/manisescityofceramics.es\/ca\/wp-json\/wp\/v2\/posts\/10119"}],"collection":[{"href":"https:\/\/manisescityofceramics.es\/ca\/wp-json\/wp\/v2\/posts"}],"about":[{"href":"https:\/\/manisescityofceramics.es\/ca\/wp-json\/wp\/v2\/types\/post"}],"author":[{"embeddable":true,"href":"https:\/\/manisescityofceramics.es\/ca\/wp-json\/wp\/v2\/users\/6"}],"replies":[{"embeddable":true,"href":"https:\/\/manisescityofceramics.es\/ca\/wp-json\/wp\/v2\/comments?post=10119"}],"version-history":[{"count":1,"href":"https:\/\/manisescityofceramics.es\/ca\/wp-json\/wp\/v2\/posts\/10119\/revisions"}],"predecessor-version":[{"id":10120,"href":"https:\/\/manisescityofceramics.es\/ca\/wp-json\/wp\/v2\/posts\/10119\/revisions\/10120"}],"wp:featuredmedia":[{"embeddable":true,"href":"https:\/\/manisescityofceramics.es\/ca\/wp-json\/wp\/v2\/media\/8967"}],"wp:attachment":[{"href":"https:\/\/manisescityofceramics.es\/ca\/wp-json\/wp\/v2\/media?parent=10119"}],"wp:term":[{"taxonomy":"category","embeddable":true,"href":"https:\/\/manisescityofceramics.es\/ca\/wp-json\/wp\/v2\/categories?post=10119"},{"taxonomy":"post_tag","embeddable":true,"href":"https:\/\/manisescityofceramics.es\/ca\/wp-json\/wp\/v2\/tags?post=10119"}],"curies":[{"name":"wp","href":"https:\/\/api.w.org\/{rel}","templated":true}]}}