{"id":5928,"global_id":"manisescityofceramics.es\/ca\/?id=5928","global_id_lineage":["manisescityofceramics.es\/ca\/?id=5928"],"author":"2","status":"publish","date":"2021-03-16 19:46:36","date_utc":"2021-03-16 19:46:36","modified":"2021-03-16 19:51:18","modified_utc":"2021-03-16 19:51:18","url":"https:\/\/manisescityofceramics.es\/ca\/evento\/exposicio-dartesans-participants-en-la-festa-de-la-ceramica\/","rest_url":"https:\/\/manisescityofceramics.es\/ca\/wp-json\/tribe\/events\/v1\/events\/5928","title":"Exposici\u00f3 d\u2019artesans participants en la Festa de la Cer\u00e0mica","description":"<p>Una de les activitats que tenen m\u00e9s bona acollida entre el p\u00fablic, tant amateur com professional, \u00e9s aquesta exposici\u00f3, on es pot apreciar una gran mostra de cer\u00e0mica artesanal i on es combinen a la perfecci\u00f3 diferents autors, estils i t\u00e8cniques.<\/p>\n<p>L\u2019exposici\u00f3 se situa a la sala d\u2019exposicions MUMAF, on s\u2019est\u00e0 des de mitjan juliol fins a final d\u2019agost. La participaci\u00f3 va oscil\u00b7lant en cada edici\u00f3, per\u00f2 sempre \u00e9s alta, amb una trentena d\u2019artesans, no nom\u00e9s locals sin\u00f3 tamb\u00e9 nacionals i internacionals, que ens mostren els seus treballs artesanals fets amb molta cura i dedicaci\u00f3.<\/p>\n<p>Una part destacada de l\u2019exposici\u00f3 \u00e9s la que es reserva als treballs elaborats per l\u2019artes\u00e0 o l\u2019artesana homenatjat en l\u2019edici\u00f3 de la Festa de la Cer\u00e0mica de l\u2019any corresponent.<\/p>\n<p>En aquest apartat es mostren les peces destacades de la traject\u00f2ria de l\u2019homenatjat, entres les quals destaca la t\u00e8cnica cer\u00e0mica que m\u00e9s el caracteritza.<\/p>\n<p>Per a aquesta activitat s\u2019elabora un fullet amb les dades de tots els participants, on els artesans homenatjats tenen un espai especial. Aquest fullet tamb\u00e9 serveix com a mitj\u00e0 de promoci\u00f3, ja que est\u00e0 disponible tant a la sala d\u2019exposicions MUMAF com a l\u2019Oficina de Turisme.<\/p>\n<div id='gallery-1' class='gallery galleryid-0 gallery-columns-2 gallery-size-large'><figure class='gallery-item'>\n\t\t\t<div class='gallery-icon portrait'>\n\t\t\t\t<a href='https:\/\/manisescityofceramics.es\/wp-content\/uploads\/2021\/03\/expo-atesanos-1-1.jpg'><img width=\"756\" height=\"1008\" src=\"https:\/\/manisescityofceramics.es\/wp-content\/uploads\/2021\/03\/expo-atesanos-1-1.jpg\" class=\"attachment-large size-large\" alt=\"\" loading=\"lazy\" srcset=\"https:\/\/manisescityofceramics.es\/wp-content\/uploads\/2021\/03\/expo-atesanos-1-1.jpg 756w, https:\/\/manisescityofceramics.es\/wp-content\/uploads\/2021\/03\/expo-atesanos-1-1-225x300.jpg 225w\" sizes=\"(max-width: 756px) 100vw, 756px\" \/><\/a>\n\t\t\t<\/div><\/figure><figure class='gallery-item'>\n\t\t\t<div class='gallery-icon portrait'>\n\t\t\t\t<a href='https:\/\/manisescityofceramics.es\/wp-content\/uploads\/2021\/03\/Expo-artesanos-1.jpg'><img width=\"756\" height=\"1008\" src=\"https:\/\/manisescityofceramics.es\/wp-content\/uploads\/2021\/03\/Expo-artesanos-1.jpg\" class=\"attachment-large size-large\" alt=\"\" loading=\"lazy\" srcset=\"https:\/\/manisescityofceramics.es\/wp-content\/uploads\/2021\/03\/Expo-artesanos-1.jpg 756w, https:\/\/manisescityofceramics.es\/wp-content\/uploads\/2021\/03\/Expo-artesanos-1-225x300.jpg 225w\" sizes=\"(max-width: 756px) 100vw, 756px\" \/><\/a>\n\t\t\t<\/div><\/figure>\n\t\t<\/div>","excerpt":"","slug":"exposicio-dartesans-participants-en-la-festa-de-la-ceramica","image":{"url":"https:\/\/manisescityofceramics.es\/wp-content\/uploads\/2021\/03\/expo-artesanos-2-1.jpg","id":5917,"extension":"jpg","width":1632,"height":920,"sizes":{"medium":{"width":300,"height":169,"mime-type":"image\/jpeg","url":"https:\/\/manisescityofceramics.es\/wp-content\/uploads\/2021\/03\/expo-artesanos-2-1-300x169.jpg"},"large":{"width":1024,"height":577,"mime-type":"image\/jpeg","url":"https:\/\/manisescityofceramics.es\/wp-content\/uploads\/2021\/03\/expo-artesanos-2-1-1024x577.jpg"},"thumbnail":{"width":150,"height":150,"mime-type":"image\/jpeg","url":"https:\/\/manisescityofceramics.es\/wp-content\/uploads\/2021\/03\/expo-artesanos-2-1-150x150.jpg"},"medium_large":{"width":768,"height":433,"mime-type":"image\/jpeg","url":"https:\/\/manisescityofceramics.es\/wp-content\/uploads\/2021\/03\/expo-artesanos-2-1-768x433.jpg"},"1536x1536":{"width":1536,"height":866,"mime-type":"image\/jpeg","url":"https:\/\/manisescityofceramics.es\/wp-content\/uploads\/2021\/03\/expo-artesanos-2-1-1536x866.jpg"}}},"all_day":true,"start_date":"2019-07-12 00:00:00","start_date_details":{"year":"2019","month":"07","day":"12","hour":"00","minutes":"00","seconds":"00"},"end_date":"2019-08-30 23:59:59","end_date_details":{"year":"2019","month":"08","day":"30","hour":"23","minutes":"59","seconds":"59"},"utc_start_date":"2019-07-12 00:00:00","utc_start_date_details":{"year":"2019","month":"07","day":"12","hour":"00","minutes":"00","seconds":"00"},"utc_end_date":"2019-08-30 23:59:59","utc_end_date_details":{"year":"2019","month":"08","day":"30","hour":"23","minutes":"59","seconds":"59"},"timezone":"UTC+0","timezone_abbr":"UTC+0","cost":"","cost_details":{"currency_symbol":"","currency_code":"","currency_position":"suffix","values":[]},"website":"","show_map":false,"show_map_link":false,"hide_from_listings":false,"sticky":false,"featured":false,"categories":[],"tags":[],"venue":[],"organizer":[],"json_ld":{"@context":"http:\/\/schema.org","@type":"Event","name":"Exposici\u00f3 d\u2019artesans participants en la Festa de la Cer\u00e0mica","description":"&lt;p&gt;Una de les activitats que tenen m\u00e9s bona acollida entre el p\u00fablic, tant amateur com professional, \u00e9s aquesta exposici\u00f3, on es pot apreciar una gran mostra de cer\u00e0mica artesanal i &hellip;&lt;\/p&gt;\\n&lt;p class=&quot;read-more&quot;&gt; &lt;a class=&quot;&quot; href=&quot;https:\/\/manisescityofceramics.es\/ca\/evento\/exposicio-dartesans-participants-en-la-festa-de-la-ceramica\/&quot;&gt; &lt;span class=&quot;screen-reader-text&quot;&gt;Exposici\u00f3 d\u2019artesans participants en la Festa de la Cer\u00e0mica&lt;\/span&gt; Llegeix m\u00e9s &raquo;&lt;\/a&gt;&lt;\/p&gt;\\n","image":"https:\/\/manisescityofceramics.es\/wp-content\/uploads\/2021\/03\/expo-artesanos-2-1.jpg","url":"https:\/\/manisescityofceramics.es\/ca\/evento\/exposicio-dartesans-participants-en-la-festa-de-la-ceramica\/","eventAttendanceMode":"https:\/\/schema.org\/OfflineEventAttendanceMode","startDate":"2019-07-12T00:00:00+00:00","endDate":"2019-08-30T23:59:59+00:00","performer":"Organization"}}